{"id":33305,"date":"2025-08-30T22:05:00","date_gmt":"2025-08-30T22:05:00","guid":{"rendered":"https:\/\/trayectoriadeportiva.com\/index.php\/2025\/08\/30\/el-barca-viaja-a-vallecas-mientras-espera-el-si-de-fermin\/"},"modified":"2025-08-30T22:05:00","modified_gmt":"2025-08-30T22:05:00","slug":"el-barca-viaja-a-vallecas-mientras-espera-el-si-de-fermin","status":"publish","type":"post","link":"https:\/\/trayectoriadeportiva.com\/index.php\/2025\/08\/30\/el-barca-viaja-a-vallecas-mientras-espera-el-si-de-fermin\/","title":{"rendered":"El Bar\u00e7a viaja a Vallecas mientras espera el \u2018s\u00ed\u2019 de Ferm\u00edn"},"content":{"rendered":"<p>Hansi Flick ser\u00e1 un entrenador feliz si hoy su equipo se lleva los tres puntos ante el Rayo, en un estadio \u2013el de Vallecas\u2013 donde el buen c\u00e9sped brilla por su ausencia. Pero lo ser\u00e1 a\u00fan m\u00e1s a partir de la medianoche del lunes, cuando el mercado de fichajes veraniego llegue a su fin y el Bar\u00e7a pueda proseguir la temporada con todos los jugadores inscritos y concentrados en mejorar y ganar, lejos de las posibles ventas dolorosas que esta semana se han cernido sobre Ferm\u00edn L\u00f3pez. \u201cHe hablado con \u00e9l. Le he dicho que quiero que se quede. Es una parte importante de este equipo. Por el momento, est\u00e1 aqu\u00ed y creo que seguir\u00e1\u201d, afirmaba ayer Flick con una sonrisa.<\/p>\n<p><a href=\"https:\/\/www.lavanguardia.com\/deportes\/fc-barcelona\/20250831\/11014914\/barca-viaja-vallecas-espera-fermin.html\">Seguir leyendo&#8230;<\/a><\/p>","protected":false},"excerpt":{"rendered":"<p>Hansi Flick ser\u00e1 un entrenador feliz si hoy su equipo se lleva los tres puntos ante el Rayo, en un estadio \u2013el de Vallecas\u2013 donde el buen c\u00e9sped brilla por su ausencia. Pero lo ser\u00e1 a\u00fan m\u00e1s a partir de la medianoche del lunes, cuando el mercado de fichajes veraniego llegue a su fin y [&hellip;]<\/p>\n","protected":false},"author":1,"featured_media":33306,"comment_status":"","ping_status":"","sticky":false,"template":"","format":"standard","meta":{"_et_pb_use_builder":"","_et_pb_old_content":"","_et_gb_content_width":"","footnotes":""},"categories":[1],"tags":[],"class_list":["post-33305","post","type-post","status-publish","format-standard","has-post-thumbnail","hentry","category-blog","et-has-post-format-content","et_post_format-et-post-format-standard"],"_links":{"self":[{"href":"https:\/\/trayectoriadeportiva.com\/index.php\/wp-json\/wp\/v2\/posts\/33305","targetHints":{"allow":["GET"]}}],"collection":[{"href":"https:\/\/trayectoriadeportiva.com\/index.php\/wp-json\/wp\/v2\/posts"}],"about":[{"href":"https:\/\/trayectoriadeportiva.com\/index.php\/wp-json\/wp\/v2\/types\/post"}],"author":[{"embeddable":true,"href":"https:\/\/trayectoriadeportiva.com\/index.php\/wp-json\/wp\/v2\/users\/1"}],"replies":[{"embeddable":true,"href":"https:\/\/trayectoriadeportiva.com\/index.php\/wp-json\/wp\/v2\/comments?post=33305"}],"version-history":[{"count":0,"href":"https:\/\/trayectoriadeportiva.com\/index.php\/wp-json\/wp\/v2\/posts\/33305\/revisions"}],"wp:featuredmedia":[{"embeddable":true,"href":"https:\/\/trayectoriadeportiva.com\/index.php\/wp-json\/wp\/v2\/media\/33306"}],"wp:attachment":[{"href":"https:\/\/trayectoriadeportiva.com\/index.php\/wp-json\/wp\/v2\/media?parent=33305"}],"wp:term":[{"taxonomy":"category","embeddable":true,"href":"https:\/\/trayectoriadeportiva.com\/index.php\/wp-json\/wp\/v2\/categories?post=33305"},{"taxonomy":"post_tag","embeddable":true,"href":"https:\/\/trayectoriadeportiva.com\/index.php\/wp-json\/wp\/v2\/tags?post=33305"}],"curies":[{"name":"wp","href":"https:\/\/api.w.org\/{rel}","templated":true}]}}