{"id":33375,"date":"2025-08-31T22:58:35","date_gmt":"2025-08-31T22:58:35","guid":{"rendered":"https:\/\/trayectoriadeportiva.com\/index.php\/2025\/08\/31\/los-extras-de-joan-garcia\/"},"modified":"2025-08-31T22:58:35","modified_gmt":"2025-08-31T22:58:35","slug":"los-extras-de-joan-garcia","status":"publish","type":"post","link":"https:\/\/trayectoriadeportiva.com\/index.php\/2025\/08\/31\/los-extras-de-joan-garcia\/","title":{"rendered":"Los extras de Joan Garcia"},"content":{"rendered":"<p>Partido en el que la figura del nuevo portero del Bar\u00e7a demostr\u00f3 por qu\u00e9 era una oportunidad de mercado irrenunciable. Y es que sus mejores virtudes (la velocidad de reacci\u00f3n y la elasticidad bajo palos) son perfectas para el alto riesgo que toma el Bar\u00e7a de Flick. Algo que demostr\u00f3 en el minuto 15 sacando un remate del Rayo dentro del \u00e1rea peque\u00f1a con una mano espectacular, o en el 72, en otra acci\u00f3n de uno contra uno clar\u00edsima. Adem\u00e1s, demostr\u00f3 una adaptaci\u00f3n plena a jugar con la defensa muy lejos de \u00e9l, estando atento y activo en los desplazamientos en largo del rival para desbaratar su estrategia. Portero perfecto para este Bar\u00e7a.<\/p>\n<p><a href=\"https:\/\/www.lavanguardia.com\/deportes\/20250901\/11016605\/extras-joan-garcia.html\">Seguir leyendo&#8230;<\/a><\/p>","protected":false},"excerpt":{"rendered":"<p>Partido en el que la figura del nuevo portero del Bar\u00e7a demostr\u00f3 por qu\u00e9 era una oportunidad de mercado irrenunciable. Y es que sus mejores virtudes (la velocidad de reacci\u00f3n y la elasticidad bajo palos) son perfectas para el alto riesgo que toma el Bar\u00e7a de Flick. Algo que demostr\u00f3 en el minuto 15 sacando [&hellip;]<\/p>\n","protected":false},"author":1,"featured_media":33376,"comment_status":"","ping_status":"","sticky":false,"template":"","format":"standard","meta":{"_et_pb_use_builder":"","_et_pb_old_content":"","_et_gb_content_width":"","footnotes":""},"categories":[1],"tags":[],"class_list":["post-33375","post","type-post","status-publish","format-standard","has-post-thumbnail","hentry","category-blog","et-has-post-format-content","et_post_format-et-post-format-standard"],"_links":{"self":[{"href":"https:\/\/trayectoriadeportiva.com\/index.php\/wp-json\/wp\/v2\/posts\/33375","targetHints":{"allow":["GET"]}}],"collection":[{"href":"https:\/\/trayectoriadeportiva.com\/index.php\/wp-json\/wp\/v2\/posts"}],"about":[{"href":"https:\/\/trayectoriadeportiva.com\/index.php\/wp-json\/wp\/v2\/types\/post"}],"author":[{"embeddable":true,"href":"https:\/\/trayectoriadeportiva.com\/index.php\/wp-json\/wp\/v2\/users\/1"}],"replies":[{"embeddable":true,"href":"https:\/\/trayectoriadeportiva.com\/index.php\/wp-json\/wp\/v2\/comments?post=33375"}],"version-history":[{"count":0,"href":"https:\/\/trayectoriadeportiva.com\/index.php\/wp-json\/wp\/v2\/posts\/33375\/revisions"}],"wp:featuredmedia":[{"embeddable":true,"href":"https:\/\/trayectoriadeportiva.com\/index.php\/wp-json\/wp\/v2\/media\/33376"}],"wp:attachment":[{"href":"https:\/\/trayectoriadeportiva.com\/index.php\/wp-json\/wp\/v2\/media?parent=33375"}],"wp:term":[{"taxonomy":"category","embeddable":true,"href":"https:\/\/trayectoriadeportiva.com\/index.php\/wp-json\/wp\/v2\/categories?post=33375"},{"taxonomy":"post_tag","embeddable":true,"href":"https:\/\/trayectoriadeportiva.com\/index.php\/wp-json\/wp\/v2\/tags?post=33375"}],"curies":[{"name":"wp","href":"https:\/\/api.w.org\/{rel}","templated":true}]}}