{"id":33383,"date":"2025-09-01T05:00:00","date_gmt":"2025-09-01T05:00:00","guid":{"rendered":"https:\/\/trayectoriadeportiva.com\/index.php\/2025\/09\/01\/incomodidad-en-vallecas\/"},"modified":"2025-09-01T05:00:00","modified_gmt":"2025-09-01T05:00:00","slug":"incomodidad-en-vallecas","status":"publish","type":"post","link":"https:\/\/trayectoriadeportiva.com\/index.php\/2025\/09\/01\/incomodidad-en-vallecas\/","title":{"rendered":"Incomodidad en Vallecas"},"content":{"rendered":"<p>Circulan im\u00e1genes de Joan Laporta tumbado sobre el c\u00edrculo central del c\u00e9sped del nuevo Camp Nou. El presidente destila la misma euforia con la que, en un paisaje nevado, los ni\u00f1os se dejan caer sobre la nieve imitando la postura del Hombre de Vitruvio, pero con barriga. A Laporta se le ha criticado esta extravagancia como un gesto impropio del presidente de una instituci\u00f3n como el Bar\u00e7a.<\/p>\n<p><a href=\"https:\/\/www.lavanguardia.com\/deportes\/fc-barcelona\/20250901\/11016508\/incomodidad-vallecas.html\">Seguir leyendo&#8230;<\/a><\/p>","protected":false},"excerpt":{"rendered":"<p>Circulan im\u00e1genes de Joan Laporta tumbado sobre el c\u00edrculo central del c\u00e9sped del nuevo Camp Nou. El presidente destila la misma euforia con la que, en un paisaje nevado, los ni\u00f1os se dejan caer sobre la nieve imitando la postura del Hombre de Vitruvio, pero con barriga. A Laporta se le ha criticado esta extravagancia [&hellip;]<\/p>\n","protected":false},"author":1,"featured_media":33384,"comment_status":"","ping_status":"","sticky":false,"template":"","format":"standard","meta":{"_et_pb_use_builder":"","_et_pb_old_content":"","_et_gb_content_width":"","footnotes":""},"categories":[1],"tags":[],"class_list":["post-33383","post","type-post","status-publish","format-standard","has-post-thumbnail","hentry","category-blog","et-has-post-format-content","et_post_format-et-post-format-standard"],"_links":{"self":[{"href":"https:\/\/trayectoriadeportiva.com\/index.php\/wp-json\/wp\/v2\/posts\/33383","targetHints":{"allow":["GET"]}}],"collection":[{"href":"https:\/\/trayectoriadeportiva.com\/index.php\/wp-json\/wp\/v2\/posts"}],"about":[{"href":"https:\/\/trayectoriadeportiva.com\/index.php\/wp-json\/wp\/v2\/types\/post"}],"author":[{"embeddable":true,"href":"https:\/\/trayectoriadeportiva.com\/index.php\/wp-json\/wp\/v2\/users\/1"}],"replies":[{"embeddable":true,"href":"https:\/\/trayectoriadeportiva.com\/index.php\/wp-json\/wp\/v2\/comments?post=33383"}],"version-history":[{"count":0,"href":"https:\/\/trayectoriadeportiva.com\/index.php\/wp-json\/wp\/v2\/posts\/33383\/revisions"}],"wp:featuredmedia":[{"embeddable":true,"href":"https:\/\/trayectoriadeportiva.com\/index.php\/wp-json\/wp\/v2\/media\/33384"}],"wp:attachment":[{"href":"https:\/\/trayectoriadeportiva.com\/index.php\/wp-json\/wp\/v2\/media?parent=33383"}],"wp:term":[{"taxonomy":"category","embeddable":true,"href":"https:\/\/trayectoriadeportiva.com\/index.php\/wp-json\/wp\/v2\/categories?post=33383"},{"taxonomy":"post_tag","embeddable":true,"href":"https:\/\/trayectoriadeportiva.com\/index.php\/wp-json\/wp\/v2\/tags?post=33383"}],"curies":[{"name":"wp","href":"https:\/\/api.w.org\/{rel}","templated":true}]}}