{"id":33406,"date":"2025-09-01T18:20:46","date_gmt":"2025-09-01T18:20:46","guid":{"rendered":"https:\/\/trayectoriadeportiva.com\/index.php\/2025\/09\/01\/el-uae-rescinde-el-contrato-de-juan-ayuso-y-le-afea-la-falta-de-armonia-con-el-grupo\/"},"modified":"2025-09-01T18:20:46","modified_gmt":"2025-09-01T18:20:46","slug":"el-uae-rescinde-el-contrato-de-juan-ayuso-y-le-afea-la-falta-de-armonia-con-el-grupo","status":"publish","type":"post","link":"https:\/\/trayectoriadeportiva.com\/index.php\/2025\/09\/01\/el-uae-rescinde-el-contrato-de-juan-ayuso-y-le-afea-la-falta-de-armonia-con-el-grupo\/","title":{"rendered":"El UAE rescinde el contrato de Juan Ayuso y le afea la falta de \u201carmon\u00eda\u201d con el grupo"},"content":{"rendered":"<p>Juan Ayuso se hab\u00eda quedado sin apoyos en el equipo UAE. Su comportamiento el domingo camino de Valdezcaray, donde se desentendi\u00f3 claramente de la carrera en vez de apoyar a su compa\u00f1ero y l\u00edder Jo\u00e3o Almeida, fue la gota que colm\u00f3 el vaso. Llov\u00eda sobre mojado tras los abandonos en el Tour del 2024 y en el Giro 2025. Y el conjunto opt\u00f3 por cortar por lo sano y rescindir anticipadamente el contrato con el joven talento espa\u00f1ol.<\/p>\n<p><a href=\"https:\/\/www.lavanguardia.com\/deportes\/ciclismo\/20250901\/11019519\/uae-rescinde-contrato-juan-ayuso-falta-armonia-grupo.html\">Seguir leyendo&#8230;<\/a><\/p>","protected":false},"excerpt":{"rendered":"<p>Juan Ayuso se hab\u00eda quedado sin apoyos en el equipo UAE. Su comportamiento el domingo camino de Valdezcaray, donde se desentendi\u00f3 claramente de la carrera en vez de apoyar a su compa\u00f1ero y l\u00edder Jo\u00e3o Almeida, fue la gota que colm\u00f3 el vaso. Llov\u00eda sobre mojado tras los abandonos en el Tour del 2024 y [&hellip;]<\/p>\n","protected":false},"author":1,"featured_media":33407,"comment_status":"","ping_status":"","sticky":false,"template":"","format":"standard","meta":{"_et_pb_use_builder":"","_et_pb_old_content":"","_et_gb_content_width":"","footnotes":""},"categories":[1],"tags":[],"class_list":["post-33406","post","type-post","status-publish","format-standard","has-post-thumbnail","hentry","category-blog","et-has-post-format-content","et_post_format-et-post-format-standard"],"_links":{"self":[{"href":"https:\/\/trayectoriadeportiva.com\/index.php\/wp-json\/wp\/v2\/posts\/33406","targetHints":{"allow":["GET"]}}],"collection":[{"href":"https:\/\/trayectoriadeportiva.com\/index.php\/wp-json\/wp\/v2\/posts"}],"about":[{"href":"https:\/\/trayectoriadeportiva.com\/index.php\/wp-json\/wp\/v2\/types\/post"}],"author":[{"embeddable":true,"href":"https:\/\/trayectoriadeportiva.com\/index.php\/wp-json\/wp\/v2\/users\/1"}],"replies":[{"embeddable":true,"href":"https:\/\/trayectoriadeportiva.com\/index.php\/wp-json\/wp\/v2\/comments?post=33406"}],"version-history":[{"count":0,"href":"https:\/\/trayectoriadeportiva.com\/index.php\/wp-json\/wp\/v2\/posts\/33406\/revisions"}],"wp:featuredmedia":[{"embeddable":true,"href":"https:\/\/trayectoriadeportiva.com\/index.php\/wp-json\/wp\/v2\/media\/33407"}],"wp:attachment":[{"href":"https:\/\/trayectoriadeportiva.com\/index.php\/wp-json\/wp\/v2\/media?parent=33406"}],"wp:term":[{"taxonomy":"category","embeddable":true,"href":"https:\/\/trayectoriadeportiva.com\/index.php\/wp-json\/wp\/v2\/categories?post=33406"},{"taxonomy":"post_tag","embeddable":true,"href":"https:\/\/trayectoriadeportiva.com\/index.php\/wp-json\/wp\/v2\/tags?post=33406"}],"curies":[{"name":"wp","href":"https:\/\/api.w.org\/{rel}","templated":true}]}}