{"id":33466,"date":"2025-09-03T16:02:56","date_gmt":"2025-09-03T16:02:56","guid":{"rendered":"https:\/\/trayectoriadeportiva.com\/index.php\/2025\/09\/03\/de-la-fuente-a-lamine-hay-que-educarle-pero-esta-muy-centrado-en-lo-que-quiere-conseguir\/"},"modified":"2025-09-03T16:02:56","modified_gmt":"2025-09-03T16:02:56","slug":"de-la-fuente-a-lamine-hay-que-educarle-pero-esta-muy-centrado-en-lo-que-quiere-conseguir","status":"publish","type":"post","link":"https:\/\/trayectoriadeportiva.com\/index.php\/2025\/09\/03\/de-la-fuente-a-lamine-hay-que-educarle-pero-esta-muy-centrado-en-lo-que-quiere-conseguir\/","title":{"rendered":"De la Fuente: \u201cA Lamine hay que educarle pero est\u00e1 muy centrado en lo que quiere conseguir\u201d"},"content":{"rendered":"<p>Todo le ha ido a Lamine Yamal a la velocidad de la luz quemando etapas de corrido y contando con la confianza de Xavi Hern\u00e1ndez y Hansi Flick en el Bar\u00e7a y de Luis de la Fuente, con Espa\u00f1a. El seleccionador le ha echado un cable cuando la abundante prensa madrile\u00f1a que sigue a la selecci\u00f3n le ha afeado por su manera de divertirse fuera del campo o por sus celebraciones, como la que imita la colocaci\u00f3n de una corona. Para De la Fuente se trata de la chistera del mago y est\u00e1 dispuesto a seguir cuid\u00e1ndola para que le proporcione enormes r\u00e9ditos, como hasta ahora. \u201cA Lamine hay que ayudarle, educarle y formarle porque a\u00fan es un cr\u00edo pero entiende muy bien los mensajes. Es muy maduro y muy inteligente y est\u00e1 muy centrado en lo que quiere conseguir. Tiene un talento futbol\u00edstico como para no ayudarle y acompa\u00f1arle\u201d, dijo el seleccionador.<\/p>\n<p><a href=\"https:\/\/www.lavanguardia.com\/deportes\/futbol\/20250903\/11025987\/fuente-lamine-hay-educarle-esta-centrado-quiere-conseguir.html\">Seguir leyendo&#8230;<\/a><\/p>","protected":false},"excerpt":{"rendered":"<p>Todo le ha ido a Lamine Yamal a la velocidad de la luz quemando etapas de corrido y contando con la confianza de Xavi Hern\u00e1ndez y Hansi Flick en el Bar\u00e7a y de Luis de la Fuente, con Espa\u00f1a. El seleccionador le ha echado un cable cuando la abundante prensa madrile\u00f1a que sigue a la [&hellip;]<\/p>\n","protected":false},"author":1,"featured_media":33467,"comment_status":"","ping_status":"","sticky":false,"template":"","format":"standard","meta":{"_et_pb_use_builder":"","_et_pb_old_content":"","_et_gb_content_width":"","footnotes":""},"categories":[1],"tags":[],"class_list":["post-33466","post","type-post","status-publish","format-standard","has-post-thumbnail","hentry","category-blog","et-has-post-format-content","et_post_format-et-post-format-standard"],"_links":{"self":[{"href":"https:\/\/trayectoriadeportiva.com\/index.php\/wp-json\/wp\/v2\/posts\/33466","targetHints":{"allow":["GET"]}}],"collection":[{"href":"https:\/\/trayectoriadeportiva.com\/index.php\/wp-json\/wp\/v2\/posts"}],"about":[{"href":"https:\/\/trayectoriadeportiva.com\/index.php\/wp-json\/wp\/v2\/types\/post"}],"author":[{"embeddable":true,"href":"https:\/\/trayectoriadeportiva.com\/index.php\/wp-json\/wp\/v2\/users\/1"}],"replies":[{"embeddable":true,"href":"https:\/\/trayectoriadeportiva.com\/index.php\/wp-json\/wp\/v2\/comments?post=33466"}],"version-history":[{"count":0,"href":"https:\/\/trayectoriadeportiva.com\/index.php\/wp-json\/wp\/v2\/posts\/33466\/revisions"}],"wp:featuredmedia":[{"embeddable":true,"href":"https:\/\/trayectoriadeportiva.com\/index.php\/wp-json\/wp\/v2\/media\/33467"}],"wp:attachment":[{"href":"https:\/\/trayectoriadeportiva.com\/index.php\/wp-json\/wp\/v2\/media?parent=33466"}],"wp:term":[{"taxonomy":"category","embeddable":true,"href":"https:\/\/trayectoriadeportiva.com\/index.php\/wp-json\/wp\/v2\/categories?post=33466"},{"taxonomy":"post_tag","embeddable":true,"href":"https:\/\/trayectoriadeportiva.com\/index.php\/wp-json\/wp\/v2\/tags?post=33466"}],"curies":[{"name":"wp","href":"https:\/\/api.w.org\/{rel}","templated":true}]}}