{"id":33558,"date":"2025-09-06T04:00:00","date_gmt":"2025-09-06T04:00:00","guid":{"rendered":"https:\/\/trayectoriadeportiva.com\/index.php\/2025\/09\/06\/cesc-vila-la-voz-del-circuit\/"},"modified":"2025-09-06T04:00:00","modified_gmt":"2025-09-06T04:00:00","slug":"cesc-vila-la-voz-del-circuit","status":"publish","type":"post","link":"https:\/\/trayectoriadeportiva.com\/index.php\/2025\/09\/06\/cesc-vila-la-voz-del-circuit\/","title":{"rendered":"Cesc Vila, la voz del Circuit"},"content":{"rendered":"<p>\u201c\u00a1Venga, arriba!\u201d. La voz rugosa, en\u00e9rgica, apasionada, familiar, que da la bienvenida y anima a los aficionados en el templo del<i> motorsport <\/i>de Montmel\u00f3 es la misma desde hace ya 34 a\u00f1os. La<i> voz del Circuit <\/i>es el timbre, la intensidad y el tono caracter\u00edsticos de Cesc Vila (Manresa, 1964), el Constantino Romero del motor. Ha relatado centenares de carreras por los altavoces del Circuit, ha visto \u201cde todo\u201d desde su oficina de<i> speaker <\/i>y todav\u00eda le queda mucho por narrar. \u201cHasta que me dejen&#8230;\u201d.<\/p>\n<p><a href=\"https:\/\/www.lavanguardia.com\/deportes\/20250906\/11033226\/motogp-gp-catalunya-montmelo-cesc-vila-voz-del-circuit.html\">Seguir leyendo&#8230;<\/a><\/p>","protected":false},"excerpt":{"rendered":"<p>\u201c\u00a1Venga, arriba!\u201d. La voz rugosa, en\u00e9rgica, apasionada, familiar, que da la bienvenida y anima a los aficionados en el templo del motorsport de Montmel\u00f3 es la misma desde hace ya 34 a\u00f1os. La voz del Circuit es el timbre, la intensidad y el tono caracter\u00edsticos de Cesc Vila (Manresa, 1964), el Constantino Romero del motor. [&hellip;]<\/p>\n","protected":false},"author":1,"featured_media":33559,"comment_status":"","ping_status":"","sticky":false,"template":"","format":"standard","meta":{"_et_pb_use_builder":"","_et_pb_old_content":"","_et_gb_content_width":"","footnotes":""},"categories":[1],"tags":[],"class_list":["post-33558","post","type-post","status-publish","format-standard","has-post-thumbnail","hentry","category-blog","et-has-post-format-content","et_post_format-et-post-format-standard"],"_links":{"self":[{"href":"https:\/\/trayectoriadeportiva.com\/index.php\/wp-json\/wp\/v2\/posts\/33558","targetHints":{"allow":["GET"]}}],"collection":[{"href":"https:\/\/trayectoriadeportiva.com\/index.php\/wp-json\/wp\/v2\/posts"}],"about":[{"href":"https:\/\/trayectoriadeportiva.com\/index.php\/wp-json\/wp\/v2\/types\/post"}],"author":[{"embeddable":true,"href":"https:\/\/trayectoriadeportiva.com\/index.php\/wp-json\/wp\/v2\/users\/1"}],"replies":[{"embeddable":true,"href":"https:\/\/trayectoriadeportiva.com\/index.php\/wp-json\/wp\/v2\/comments?post=33558"}],"version-history":[{"count":0,"href":"https:\/\/trayectoriadeportiva.com\/index.php\/wp-json\/wp\/v2\/posts\/33558\/revisions"}],"wp:featuredmedia":[{"embeddable":true,"href":"https:\/\/trayectoriadeportiva.com\/index.php\/wp-json\/wp\/v2\/media\/33559"}],"wp:attachment":[{"href":"https:\/\/trayectoriadeportiva.com\/index.php\/wp-json\/wp\/v2\/media?parent=33558"}],"wp:term":[{"taxonomy":"category","embeddable":true,"href":"https:\/\/trayectoriadeportiva.com\/index.php\/wp-json\/wp\/v2\/categories?post=33558"},{"taxonomy":"post_tag","embeddable":true,"href":"https:\/\/trayectoriadeportiva.com\/index.php\/wp-json\/wp\/v2\/tags?post=33558"}],"curies":[{"name":"wp","href":"https:\/\/api.w.org\/{rel}","templated":true}]}}