{"id":33652,"date":"2025-09-08T04:00:00","date_gmt":"2025-09-08T04:00:00","guid":{"rendered":"https:\/\/trayectoriadeportiva.com\/index.php\/2025\/09\/08\/el-ego-nos-hermana\/"},"modified":"2025-09-08T04:00:00","modified_gmt":"2025-09-08T04:00:00","slug":"el-ego-nos-hermana","status":"publish","type":"post","link":"https:\/\/trayectoriadeportiva.com\/index.php\/2025\/09\/08\/el-ego-nos-hermana\/","title":{"rendered":"El ego nos hermana"},"content":{"rendered":"<p>La interferencia de los partidos de selecciones en la competici\u00f3n dom\u00e9stica alimenta debates que en otro momento ser\u00edan ef\u00edmeros. Es el caso de la ya famosa frase de Hansi Flick tras el empate de Vallecas: \u201cLos egos matan el \u00e9xito\u201d. Con el calendario habitual del Bar\u00e7a, la reflexi\u00f3n habr\u00eda activado nuestra vocaci\u00f3n para la discusi\u00f3n, pero habr\u00eda sido barrida por la actualidad. La frase ha cuajado porque a todos los seleccionados del Bar\u00e7a les han preguntado por la afirmaci\u00f3n de Flick. As\u00ed multiplicamos su relevancia y ya no sabemos si hablamos tanto de la frase porque es trascendente o si es trascendente porque no dejamos de hablar de ella.<\/p>\n<p><a href=\"https:\/\/www.lavanguardia.com\/deportes\/20250908\/11036829\/ego-hermana.html\">Seguir leyendo&#8230;<\/a><\/p>","protected":false},"excerpt":{"rendered":"<p>La interferencia de los partidos de selecciones en la competici\u00f3n dom\u00e9stica alimenta debates que en otro momento ser\u00edan ef\u00edmeros. Es el caso de la ya famosa frase de Hansi Flick tras el empate de Vallecas: \u201cLos egos matan el \u00e9xito\u201d. Con el calendario habitual del Bar\u00e7a, la reflexi\u00f3n habr\u00eda activado nuestra vocaci\u00f3n para la discusi\u00f3n, [&hellip;]<\/p>\n","protected":false},"author":1,"featured_media":33653,"comment_status":"","ping_status":"","sticky":false,"template":"","format":"standard","meta":{"_et_pb_use_builder":"","_et_pb_old_content":"","_et_gb_content_width":"","footnotes":""},"categories":[1],"tags":[],"class_list":["post-33652","post","type-post","status-publish","format-standard","has-post-thumbnail","hentry","category-blog","et-has-post-format-content","et_post_format-et-post-format-standard"],"_links":{"self":[{"href":"https:\/\/trayectoriadeportiva.com\/index.php\/wp-json\/wp\/v2\/posts\/33652","targetHints":{"allow":["GET"]}}],"collection":[{"href":"https:\/\/trayectoriadeportiva.com\/index.php\/wp-json\/wp\/v2\/posts"}],"about":[{"href":"https:\/\/trayectoriadeportiva.com\/index.php\/wp-json\/wp\/v2\/types\/post"}],"author":[{"embeddable":true,"href":"https:\/\/trayectoriadeportiva.com\/index.php\/wp-json\/wp\/v2\/users\/1"}],"replies":[{"embeddable":true,"href":"https:\/\/trayectoriadeportiva.com\/index.php\/wp-json\/wp\/v2\/comments?post=33652"}],"version-history":[{"count":0,"href":"https:\/\/trayectoriadeportiva.com\/index.php\/wp-json\/wp\/v2\/posts\/33652\/revisions"}],"wp:featuredmedia":[{"embeddable":true,"href":"https:\/\/trayectoriadeportiva.com\/index.php\/wp-json\/wp\/v2\/media\/33653"}],"wp:attachment":[{"href":"https:\/\/trayectoriadeportiva.com\/index.php\/wp-json\/wp\/v2\/media?parent=33652"}],"wp:term":[{"taxonomy":"category","embeddable":true,"href":"https:\/\/trayectoriadeportiva.com\/index.php\/wp-json\/wp\/v2\/categories?post=33652"},{"taxonomy":"post_tag","embeddable":true,"href":"https:\/\/trayectoriadeportiva.com\/index.php\/wp-json\/wp\/v2\/tags?post=33652"}],"curies":[{"name":"wp","href":"https:\/\/api.w.org\/{rel}","templated":true}]}}