{"id":33672,"date":"2025-09-08T17:02:05","date_gmt":"2025-09-08T17:02:05","guid":{"rendered":"https:\/\/trayectoriadeportiva.com\/index.php\/2025\/09\/08\/vingegaard-la-gente-protesta-por-una-razon\/"},"modified":"2025-09-08T17:02:05","modified_gmt":"2025-09-08T17:02:05","slug":"vingegaard-la-gente-protesta-por-una-razon","status":"publish","type":"post","link":"https:\/\/trayectoriadeportiva.com\/index.php\/2025\/09\/08\/vingegaard-la-gente-protesta-por-una-razon\/","title":{"rendered":"Vingegaard: \u201cLa gente protesta por una raz\u00f3n\u201d"},"content":{"rendered":"<p>El dan\u00e9s Jonas Vingegaard (Visma), maillot rojo de la Vuelta, habl\u00f3 de las protestas que est\u00e1n marcando la ronda espa\u00f1ola. En su opini\u00f3n, \u201cla gente lo hace por una raz\u00f3n, ya que es terrible lo que est\u00e1 pasando\u201d.<\/p>\n<p><a href=\"https:\/\/www.lavanguardia.com\/deportes\/ciclismo\/20250908\/11040165\/vingegaard-descanso-propalestina-vuelta.html\">Seguir leyendo&#8230;<\/a><\/p>","protected":false},"excerpt":{"rendered":"<p>El dan\u00e9s Jonas Vingegaard (Visma), maillot rojo de la Vuelta, habl\u00f3 de las protestas que est\u00e1n marcando la ronda espa\u00f1ola. En su opini\u00f3n, \u201cla gente lo hace por una raz\u00f3n, ya que es terrible lo que est\u00e1 pasando\u201d. Seguir leyendo&#8230;<\/p>\n","protected":false},"author":1,"featured_media":33673,"comment_status":"","ping_status":"","sticky":false,"template":"","format":"standard","meta":{"_et_pb_use_builder":"","_et_pb_old_content":"","_et_gb_content_width":"","footnotes":""},"categories":[1],"tags":[],"class_list":["post-33672","post","type-post","status-publish","format-standard","has-post-thumbnail","hentry","category-blog","et-has-post-format-content","et_post_format-et-post-format-standard"],"_links":{"self":[{"href":"https:\/\/trayectoriadeportiva.com\/index.php\/wp-json\/wp\/v2\/posts\/33672","targetHints":{"allow":["GET"]}}],"collection":[{"href":"https:\/\/trayectoriadeportiva.com\/index.php\/wp-json\/wp\/v2\/posts"}],"about":[{"href":"https:\/\/trayectoriadeportiva.com\/index.php\/wp-json\/wp\/v2\/types\/post"}],"author":[{"embeddable":true,"href":"https:\/\/trayectoriadeportiva.com\/index.php\/wp-json\/wp\/v2\/users\/1"}],"replies":[{"embeddable":true,"href":"https:\/\/trayectoriadeportiva.com\/index.php\/wp-json\/wp\/v2\/comments?post=33672"}],"version-history":[{"count":0,"href":"https:\/\/trayectoriadeportiva.com\/index.php\/wp-json\/wp\/v2\/posts\/33672\/revisions"}],"wp:featuredmedia":[{"embeddable":true,"href":"https:\/\/trayectoriadeportiva.com\/index.php\/wp-json\/wp\/v2\/media\/33673"}],"wp:attachment":[{"href":"https:\/\/trayectoriadeportiva.com\/index.php\/wp-json\/wp\/v2\/media?parent=33672"}],"wp:term":[{"taxonomy":"category","embeddable":true,"href":"https:\/\/trayectoriadeportiva.com\/index.php\/wp-json\/wp\/v2\/categories?post=33672"},{"taxonomy":"post_tag","embeddable":true,"href":"https:\/\/trayectoriadeportiva.com\/index.php\/wp-json\/wp\/v2\/tags?post=33672"}],"curies":[{"name":"wp","href":"https:\/\/api.w.org\/{rel}","templated":true}]}}