{"id":33694,"date":"2025-09-09T13:42:07","date_gmt":"2025-09-09T13:42:07","guid":{"rendered":"https:\/\/trayectoriadeportiva.com\/index.php\/2025\/09\/09\/auge-y-caida-de-asencio-en-el-real-madrid\/"},"modified":"2025-09-09T13:42:07","modified_gmt":"2025-09-09T13:42:07","slug":"auge-y-caida-de-asencio-en-el-real-madrid","status":"publish","type":"post","link":"https:\/\/trayectoriadeportiva.com\/index.php\/2025\/09\/09\/auge-y-caida-de-asencio-en-el-real-madrid\/","title":{"rendered":"Auge y ca\u00edda de Asencio en el Real Madrid"},"content":{"rendered":"<p>La estrella de Ra\u00fal Asencio apunta a ser muy ef\u00edmera, un cometa de aparici\u00f3n fulgurante pero de escaso recorrido. El central canario, de 22 a\u00f1os, fue el jugador revelaci\u00f3n de la temporada pasada al quedarse Madrid sin defensas por la plaga de lesiones (Alaba, Milit\u00e3o, Carvajal m\u00e1s muchos d\u00edas sin Mendy) y recurrir Ancelotti al entonces central del Castilla. El Bernab\u00e9u aplaudi\u00f3 a rabiar sus carreras\u00a0 y core\u00f3 que le convocaran a la selecci\u00f3n. Todo eso es historia. A d\u00eda de hoy Asencio no ha debutado. Xabi Alonso le ha relegado al \u00faltimo de los defensas y todo el verano se ha especulado sobre su salida del club. Los \u00faltimos rumores apuntan a que puede irse al Besiktas en cuanto se pueda.\u00a0 \u00a0<\/p>\n<p><a href=\"https:\/\/www.lavanguardia.com\/deportes\/real-madrid\/20250909\/11042820\/auge-caida-asencio-real-madrid.html\">Seguir leyendo&#8230;<\/a><\/p>","protected":false},"excerpt":{"rendered":"<p>La estrella de Ra\u00fal Asencio apunta a ser muy ef\u00edmera, un cometa de aparici\u00f3n fulgurante pero de escaso recorrido. El central canario, de 22 a\u00f1os, fue el jugador revelaci\u00f3n de la temporada pasada al quedarse Madrid sin defensas por la plaga de lesiones (Alaba, Milit\u00e3o, Carvajal m\u00e1s muchos d\u00edas sin Mendy) y recurrir Ancelotti al [&hellip;]<\/p>\n","protected":false},"author":1,"featured_media":33695,"comment_status":"","ping_status":"","sticky":false,"template":"","format":"standard","meta":{"_et_pb_use_builder":"","_et_pb_old_content":"","_et_gb_content_width":"","footnotes":""},"categories":[1],"tags":[],"class_list":["post-33694","post","type-post","status-publish","format-standard","has-post-thumbnail","hentry","category-blog","et-has-post-format-content","et_post_format-et-post-format-standard"],"_links":{"self":[{"href":"https:\/\/trayectoriadeportiva.com\/index.php\/wp-json\/wp\/v2\/posts\/33694","targetHints":{"allow":["GET"]}}],"collection":[{"href":"https:\/\/trayectoriadeportiva.com\/index.php\/wp-json\/wp\/v2\/posts"}],"about":[{"href":"https:\/\/trayectoriadeportiva.com\/index.php\/wp-json\/wp\/v2\/types\/post"}],"author":[{"embeddable":true,"href":"https:\/\/trayectoriadeportiva.com\/index.php\/wp-json\/wp\/v2\/users\/1"}],"replies":[{"embeddable":true,"href":"https:\/\/trayectoriadeportiva.com\/index.php\/wp-json\/wp\/v2\/comments?post=33694"}],"version-history":[{"count":0,"href":"https:\/\/trayectoriadeportiva.com\/index.php\/wp-json\/wp\/v2\/posts\/33694\/revisions"}],"wp:featuredmedia":[{"embeddable":true,"href":"https:\/\/trayectoriadeportiva.com\/index.php\/wp-json\/wp\/v2\/media\/33695"}],"wp:attachment":[{"href":"https:\/\/trayectoriadeportiva.com\/index.php\/wp-json\/wp\/v2\/media?parent=33694"}],"wp:term":[{"taxonomy":"category","embeddable":true,"href":"https:\/\/trayectoriadeportiva.com\/index.php\/wp-json\/wp\/v2\/categories?post=33694"},{"taxonomy":"post_tag","embeddable":true,"href":"https:\/\/trayectoriadeportiva.com\/index.php\/wp-json\/wp\/v2\/tags?post=33694"}],"curies":[{"name":"wp","href":"https:\/\/api.w.org\/{rel}","templated":true}]}}