{"id":33735,"date":"2025-09-10T15:45:39","date_gmt":"2025-09-10T15:45:39","guid":{"rendered":"https:\/\/trayectoriadeportiva.com\/index.php\/2025\/09\/10\/pellizzari-se-hace-mayor-en-la-doble-tregua-de-el-bierzo\/"},"modified":"2025-09-10T15:45:39","modified_gmt":"2025-09-10T15:45:39","slug":"pellizzari-se-hace-mayor-en-la-doble-tregua-de-el-bierzo","status":"publish","type":"post","link":"https:\/\/trayectoriadeportiva.com\/index.php\/2025\/09\/10\/pellizzari-se-hace-mayor-en-la-doble-tregua-de-el-bierzo\/","title":{"rendered":"Pellizzari se hace mayor en la doble tregua de El Bierzo"},"content":{"rendered":"<p>Hay deportes que se celebran en una burbuja, que transcurren en otro planeta; otros, en cambio, huelen a tierra y verde, a hojarasca. Tambi\u00e9n a chamusquina, como esta decimos\u00e9ptima etapa de La Vuelta que arranc\u00f3 en Valdeorras y penetr\u00f3 en el coraz\u00f3n del Bierzo. Entre el Godello y la Menc\u00eda hay kil\u00f3metros de ceniza, tierra quemada, paisajes apocal\u00edpticos. Fotograf\u00edas coloridas que ahora son en blanco y negro, entre la vida y la cat\u00e1strofe, y que son el marco de la victoria inolvidable de Giulio Pellizzari, una de las nuevas joyas italianas, de solo 21 a\u00f1os, el m\u00e1s inteligente en la trampa de El Morredero.<\/p>\n<p><a href=\"https:\/\/www.lavanguardia.com\/deportes\/ciclismo\/20250910\/11047858\/pellizzari-mayor-doble-tregua-bierzo-vuelta-espana.html\">Seguir leyendo&#8230;<\/a><\/p>","protected":false},"excerpt":{"rendered":"<p>Hay deportes que se celebran en una burbuja, que transcurren en otro planeta; otros, en cambio, huelen a tierra y verde, a hojarasca. Tambi\u00e9n a chamusquina, como esta decimos\u00e9ptima etapa de La Vuelta que arranc\u00f3 en Valdeorras y penetr\u00f3 en el coraz\u00f3n del Bierzo. Entre el Godello y la Menc\u00eda hay kil\u00f3metros de ceniza, tierra [&hellip;]<\/p>\n","protected":false},"author":1,"featured_media":33736,"comment_status":"","ping_status":"","sticky":false,"template":"","format":"standard","meta":{"_et_pb_use_builder":"","_et_pb_old_content":"","_et_gb_content_width":"","footnotes":""},"categories":[1],"tags":[],"class_list":["post-33735","post","type-post","status-publish","format-standard","has-post-thumbnail","hentry","category-blog","et-has-post-format-content","et_post_format-et-post-format-standard"],"_links":{"self":[{"href":"https:\/\/trayectoriadeportiva.com\/index.php\/wp-json\/wp\/v2\/posts\/33735","targetHints":{"allow":["GET"]}}],"collection":[{"href":"https:\/\/trayectoriadeportiva.com\/index.php\/wp-json\/wp\/v2\/posts"}],"about":[{"href":"https:\/\/trayectoriadeportiva.com\/index.php\/wp-json\/wp\/v2\/types\/post"}],"author":[{"embeddable":true,"href":"https:\/\/trayectoriadeportiva.com\/index.php\/wp-json\/wp\/v2\/users\/1"}],"replies":[{"embeddable":true,"href":"https:\/\/trayectoriadeportiva.com\/index.php\/wp-json\/wp\/v2\/comments?post=33735"}],"version-history":[{"count":0,"href":"https:\/\/trayectoriadeportiva.com\/index.php\/wp-json\/wp\/v2\/posts\/33735\/revisions"}],"wp:featuredmedia":[{"embeddable":true,"href":"https:\/\/trayectoriadeportiva.com\/index.php\/wp-json\/wp\/v2\/media\/33736"}],"wp:attachment":[{"href":"https:\/\/trayectoriadeportiva.com\/index.php\/wp-json\/wp\/v2\/media?parent=33735"}],"wp:term":[{"taxonomy":"category","embeddable":true,"href":"https:\/\/trayectoriadeportiva.com\/index.php\/wp-json\/wp\/v2\/categories?post=33735"},{"taxonomy":"post_tag","embeddable":true,"href":"https:\/\/trayectoriadeportiva.com\/index.php\/wp-json\/wp\/v2\/tags?post=33735"}],"curies":[{"name":"wp","href":"https:\/\/api.w.org\/{rel}","templated":true}]}}