{"id":33771,"date":"2025-09-11T14:09:37","date_gmt":"2025-09-11T14:09:37","guid":{"rendered":"https:\/\/trayectoriadeportiva.com\/index.php\/2025\/09\/11\/thiago-se-incorpora-al-barca-como-asistente-de-hansi-flick\/"},"modified":"2025-09-11T14:09:37","modified_gmt":"2025-09-11T14:09:37","slug":"thiago-se-incorpora-al-barca-como-asistente-de-hansi-flick","status":"publish","type":"post","link":"https:\/\/trayectoriadeportiva.com\/index.php\/2025\/09\/11\/thiago-se-incorpora-al-barca-como-asistente-de-hansi-flick\/","title":{"rendered":"Thiago se incorpora al Bar\u00e7a como asistente de Hansi Flick"},"content":{"rendered":"<p>El antiguo centrocampista del Barcelona, entre otros equipos, Thiago Alc\u00e1ntara se ha incorporado al conjunto barcelonista como uno de los asistentes de Hansi Flick, seg\u00fan ha oficializado la entidad azulgrana. Thiago, que el pasado verano ya comparti\u00f3 con el staff de Flick las primeras semanas de la pretemporada, particip\u00f3 este jueves en su primer entrenamiento en la Ciutat Esportiva Joan Gamper.<\/p>\n<p><a href=\"https:\/\/www.lavanguardia.com\/deportes\/fc-barcelona\/20250911\/11051092\/thiago-incorpora-barca-asistente-hansi-flick.html\">Seguir leyendo&#8230;<\/a><\/p>","protected":false},"excerpt":{"rendered":"<p>El antiguo centrocampista del Barcelona, entre otros equipos, Thiago Alc\u00e1ntara se ha incorporado al conjunto barcelonista como uno de los asistentes de Hansi Flick, seg\u00fan ha oficializado la entidad azulgrana. Thiago, que el pasado verano ya comparti\u00f3 con el staff de Flick las primeras semanas de la pretemporada, particip\u00f3 este jueves en su primer entrenamiento [&hellip;]<\/p>\n","protected":false},"author":1,"featured_media":33772,"comment_status":"","ping_status":"","sticky":false,"template":"","format":"standard","meta":{"_et_pb_use_builder":"","_et_pb_old_content":"","_et_gb_content_width":"","footnotes":""},"categories":[1],"tags":[],"class_list":["post-33771","post","type-post","status-publish","format-standard","has-post-thumbnail","hentry","category-blog","et-has-post-format-content","et_post_format-et-post-format-standard"],"_links":{"self":[{"href":"https:\/\/trayectoriadeportiva.com\/index.php\/wp-json\/wp\/v2\/posts\/33771","targetHints":{"allow":["GET"]}}],"collection":[{"href":"https:\/\/trayectoriadeportiva.com\/index.php\/wp-json\/wp\/v2\/posts"}],"about":[{"href":"https:\/\/trayectoriadeportiva.com\/index.php\/wp-json\/wp\/v2\/types\/post"}],"author":[{"embeddable":true,"href":"https:\/\/trayectoriadeportiva.com\/index.php\/wp-json\/wp\/v2\/users\/1"}],"replies":[{"embeddable":true,"href":"https:\/\/trayectoriadeportiva.com\/index.php\/wp-json\/wp\/v2\/comments?post=33771"}],"version-history":[{"count":0,"href":"https:\/\/trayectoriadeportiva.com\/index.php\/wp-json\/wp\/v2\/posts\/33771\/revisions"}],"wp:featuredmedia":[{"embeddable":true,"href":"https:\/\/trayectoriadeportiva.com\/index.php\/wp-json\/wp\/v2\/media\/33772"}],"wp:attachment":[{"href":"https:\/\/trayectoriadeportiva.com\/index.php\/wp-json\/wp\/v2\/media?parent=33771"}],"wp:term":[{"taxonomy":"category","embeddable":true,"href":"https:\/\/trayectoriadeportiva.com\/index.php\/wp-json\/wp\/v2\/categories?post=33771"},{"taxonomy":"post_tag","embeddable":true,"href":"https:\/\/trayectoriadeportiva.com\/index.php\/wp-json\/wp\/v2\/tags?post=33771"}],"curies":[{"name":"wp","href":"https:\/\/api.w.org\/{rel}","templated":true}]}}