{"id":33787,"date":"2025-09-12T04:00:00","date_gmt":"2025-09-12T04:00:00","guid":{"rendered":"https:\/\/trayectoriadeportiva.com\/index.php\/2025\/09\/12\/de-gich-a-cruyff\/"},"modified":"2025-09-12T04:00:00","modified_gmt":"2025-09-12T04:00:00","slug":"de-gich-a-cruyff","status":"publish","type":"post","link":"https:\/\/trayectoriadeportiva.com\/index.php\/2025\/09\/12\/de-gich-a-cruyff\/","title":{"rendered":"De Gich a Cruyff"},"content":{"rendered":"<p>Aprincipios de 1958 el FC Barcelona decidi\u00f3 dotarse de un gerente. Un cargo inexistente para el que fue designado Joan Gich (Agullana 1925-Madrid 1982). No sin pol\u00e9mica, porque en la etapa presidencial de Mir\u00f3-Sans, como en la modernidad, cualquier decisi\u00f3n trascendente del club azulgrana pasaba por el escrutinio devorador y hasta la burla de socios y aficionados, de opositores y de los medios informativos. Ya un a\u00f1o antes se hab\u00eda sugerido la posible incorporaci\u00f3n de un alto empleado que modernizara la actividad diaria del club. En s\u00edntesis, se dijo entonces que \u201csi va a realizar las actividades que corresponden al presidente, para qu\u00e9 necesitamos presidente\u201d.<\/p>\n<p><a href=\"https:\/\/www.lavanguardia.com\/deportes\/20250912\/11052076\/gich-cruyff.html\">Seguir leyendo&#8230;<\/a><\/p>","protected":false},"excerpt":{"rendered":"<p>Aprincipios de 1958 el FC Barcelona decidi\u00f3 dotarse de un gerente. Un cargo inexistente para el que fue designado Joan Gich (Agullana 1925-Madrid 1982). No sin pol\u00e9mica, porque en la etapa presidencial de Mir\u00f3-Sans, como en la modernidad, cualquier decisi\u00f3n trascendente del club azulgrana pasaba por el escrutinio devorador y hasta la burla de socios [&hellip;]<\/p>\n","protected":false},"author":1,"featured_media":33788,"comment_status":"","ping_status":"","sticky":false,"template":"","format":"standard","meta":{"_et_pb_use_builder":"","_et_pb_old_content":"","_et_gb_content_width":"","footnotes":""},"categories":[1],"tags":[],"class_list":["post-33787","post","type-post","status-publish","format-standard","has-post-thumbnail","hentry","category-blog","et-has-post-format-content","et_post_format-et-post-format-standard"],"_links":{"self":[{"href":"https:\/\/trayectoriadeportiva.com\/index.php\/wp-json\/wp\/v2\/posts\/33787","targetHints":{"allow":["GET"]}}],"collection":[{"href":"https:\/\/trayectoriadeportiva.com\/index.php\/wp-json\/wp\/v2\/posts"}],"about":[{"href":"https:\/\/trayectoriadeportiva.com\/index.php\/wp-json\/wp\/v2\/types\/post"}],"author":[{"embeddable":true,"href":"https:\/\/trayectoriadeportiva.com\/index.php\/wp-json\/wp\/v2\/users\/1"}],"replies":[{"embeddable":true,"href":"https:\/\/trayectoriadeportiva.com\/index.php\/wp-json\/wp\/v2\/comments?post=33787"}],"version-history":[{"count":0,"href":"https:\/\/trayectoriadeportiva.com\/index.php\/wp-json\/wp\/v2\/posts\/33787\/revisions"}],"wp:featuredmedia":[{"embeddable":true,"href":"https:\/\/trayectoriadeportiva.com\/index.php\/wp-json\/wp\/v2\/media\/33788"}],"wp:attachment":[{"href":"https:\/\/trayectoriadeportiva.com\/index.php\/wp-json\/wp\/v2\/media?parent=33787"}],"wp:term":[{"taxonomy":"category","embeddable":true,"href":"https:\/\/trayectoriadeportiva.com\/index.php\/wp-json\/wp\/v2\/categories?post=33787"},{"taxonomy":"post_tag","embeddable":true,"href":"https:\/\/trayectoriadeportiva.com\/index.php\/wp-json\/wp\/v2\/tags?post=33787"}],"curies":[{"name":"wp","href":"https:\/\/api.w.org\/{rel}","templated":true}]}}