{"id":33815,"date":"2025-09-12T17:16:51","date_gmt":"2025-09-12T17:16:51","guid":{"rendered":"https:\/\/trayectoriadeportiva.com\/index.php\/2025\/09\/12\/rudiger-se-rompe-para-diez-o-doce-semanas\/"},"modified":"2025-09-12T17:16:51","modified_gmt":"2025-09-12T17:16:51","slug":"rudiger-se-rompe-para-diez-o-doce-semanas","status":"publish","type":"post","link":"https:\/\/trayectoriadeportiva.com\/index.php\/2025\/09\/12\/rudiger-se-rompe-para-diez-o-doce-semanas\/","title":{"rendered":"R\u00fcdiger se rompe para diez o doce semanas"},"content":{"rendered":"<p>La mala suerte del Real Madrid con sus defensas vivi\u00f3 esta tarde un nuevo cap\u00edtulo. Antonio R\u00fcdiger, de 32 a\u00f1os, sufri\u00f3 un problema muscular cuando estaba acabando el entrenamiento en Valdebebas. Las primeras pruebas m\u00e9dicas le han diagnosticado \u201cuna lesi\u00f3n en el recto anterior de su pierna izquierda\u201d, seg\u00fan el parte en la web oficial del club. Fuentes del Madrid aseguran que la lesi\u00f3n es grave y que a falta de m\u00e1s pruebas que la confirmen el futbolista estar\u00e1 de baja entre dos meses y medio y tres meses.<\/p>\n<p><a href=\"https:\/\/www.lavanguardia.com\/deportes\/real-madrid\/20250912\/11055347\/ruediger-rompe-diez-doce-semanas.html\">Seguir leyendo&#8230;<\/a><\/p>","protected":false},"excerpt":{"rendered":"<p>La mala suerte del Real Madrid con sus defensas vivi\u00f3 esta tarde un nuevo cap\u00edtulo. Antonio R\u00fcdiger, de 32 a\u00f1os, sufri\u00f3 un problema muscular cuando estaba acabando el entrenamiento en Valdebebas. Las primeras pruebas m\u00e9dicas le han diagnosticado \u201cuna lesi\u00f3n en el recto anterior de su pierna izquierda\u201d, seg\u00fan el parte en la web oficial [&hellip;]<\/p>\n","protected":false},"author":1,"featured_media":33816,"comment_status":"","ping_status":"","sticky":false,"template":"","format":"standard","meta":{"_et_pb_use_builder":"","_et_pb_old_content":"","_et_gb_content_width":"","footnotes":""},"categories":[1],"tags":[],"class_list":["post-33815","post","type-post","status-publish","format-standard","has-post-thumbnail","hentry","category-blog","et-has-post-format-content","et_post_format-et-post-format-standard"],"_links":{"self":[{"href":"https:\/\/trayectoriadeportiva.com\/index.php\/wp-json\/wp\/v2\/posts\/33815","targetHints":{"allow":["GET"]}}],"collection":[{"href":"https:\/\/trayectoriadeportiva.com\/index.php\/wp-json\/wp\/v2\/posts"}],"about":[{"href":"https:\/\/trayectoriadeportiva.com\/index.php\/wp-json\/wp\/v2\/types\/post"}],"author":[{"embeddable":true,"href":"https:\/\/trayectoriadeportiva.com\/index.php\/wp-json\/wp\/v2\/users\/1"}],"replies":[{"embeddable":true,"href":"https:\/\/trayectoriadeportiva.com\/index.php\/wp-json\/wp\/v2\/comments?post=33815"}],"version-history":[{"count":0,"href":"https:\/\/trayectoriadeportiva.com\/index.php\/wp-json\/wp\/v2\/posts\/33815\/revisions"}],"wp:featuredmedia":[{"embeddable":true,"href":"https:\/\/trayectoriadeportiva.com\/index.php\/wp-json\/wp\/v2\/media\/33816"}],"wp:attachment":[{"href":"https:\/\/trayectoriadeportiva.com\/index.php\/wp-json\/wp\/v2\/media?parent=33815"}],"wp:term":[{"taxonomy":"category","embeddable":true,"href":"https:\/\/trayectoriadeportiva.com\/index.php\/wp-json\/wp\/v2\/categories?post=33815"},{"taxonomy":"post_tag","embeddable":true,"href":"https:\/\/trayectoriadeportiva.com\/index.php\/wp-json\/wp\/v2\/tags?post=33815"}],"curies":[{"name":"wp","href":"https:\/\/api.w.org\/{rel}","templated":true}]}}