{"id":33827,"date":"2025-09-13T01:28:05","date_gmt":"2025-09-13T01:28:05","guid":{"rendered":"https:\/\/trayectoriadeportiva.com\/index.php\/2025\/09\/13\/maria-perez-esta-epoca-es-suya\/"},"modified":"2025-09-13T01:28:05","modified_gmt":"2025-09-13T01:28:05","slug":"maria-perez-esta-epoca-es-suya","status":"publish","type":"post","link":"https:\/\/trayectoriadeportiva.com\/index.php\/2025\/09\/13\/maria-perez-esta-epoca-es-suya\/","title":{"rendered":"Mar\u00eda P\u00e9rez: esta \u00e9poca es suya"},"content":{"rendered":"<p>Nada detiene ya a Mar\u00eda P\u00e9rez (29), due\u00f1a de este tiempo, ni siquiera el aviso que los jueces le marcan pronto, antes del d\u00e9cimo kil\u00f3metro.<\/p>\n<p><a href=\"https:\/\/www.lavanguardia.com\/deportes\/otros-deportes\/20250913\/11055980\/maria-perez-oro-mundial-tokio-35.html\">Seguir leyendo&#8230;<\/a><\/p>","protected":false},"excerpt":{"rendered":"<p>Nada detiene ya a Mar\u00eda P\u00e9rez (29), due\u00f1a de este tiempo, ni siquiera el aviso que los jueces le marcan pronto, antes del d\u00e9cimo kil\u00f3metro. Seguir leyendo&#8230;<\/p>\n","protected":false},"author":1,"featured_media":33828,"comment_status":"","ping_status":"","sticky":false,"template":"","format":"standard","meta":{"_et_pb_use_builder":"","_et_pb_old_content":"","_et_gb_content_width":"","footnotes":""},"categories":[1],"tags":[],"class_list":["post-33827","post","type-post","status-publish","format-standard","has-post-thumbnail","hentry","category-blog","et-has-post-format-content","et_post_format-et-post-format-standard"],"_links":{"self":[{"href":"https:\/\/trayectoriadeportiva.com\/index.php\/wp-json\/wp\/v2\/posts\/33827","targetHints":{"allow":["GET"]}}],"collection":[{"href":"https:\/\/trayectoriadeportiva.com\/index.php\/wp-json\/wp\/v2\/posts"}],"about":[{"href":"https:\/\/trayectoriadeportiva.com\/index.php\/wp-json\/wp\/v2\/types\/post"}],"author":[{"embeddable":true,"href":"https:\/\/trayectoriadeportiva.com\/index.php\/wp-json\/wp\/v2\/users\/1"}],"replies":[{"embeddable":true,"href":"https:\/\/trayectoriadeportiva.com\/index.php\/wp-json\/wp\/v2\/comments?post=33827"}],"version-history":[{"count":0,"href":"https:\/\/trayectoriadeportiva.com\/index.php\/wp-json\/wp\/v2\/posts\/33827\/revisions"}],"wp:featuredmedia":[{"embeddable":true,"href":"https:\/\/trayectoriadeportiva.com\/index.php\/wp-json\/wp\/v2\/media\/33828"}],"wp:attachment":[{"href":"https:\/\/trayectoriadeportiva.com\/index.php\/wp-json\/wp\/v2\/media?parent=33827"}],"wp:term":[{"taxonomy":"category","embeddable":true,"href":"https:\/\/trayectoriadeportiva.com\/index.php\/wp-json\/wp\/v2\/categories?post=33827"},{"taxonomy":"post_tag","embeddable":true,"href":"https:\/\/trayectoriadeportiva.com\/index.php\/wp-json\/wp\/v2\/tags?post=33827"}],"curies":[{"name":"wp","href":"https:\/\/api.w.org\/{rel}","templated":true}]}}