{"id":33829,"date":"2025-09-13T04:00:00","date_gmt":"2025-09-13T04:00:00","guid":{"rendered":"https:\/\/trayectoriadeportiva.com\/index.php\/2025\/09\/13\/momento-marc-casado\/"},"modified":"2025-09-13T04:00:00","modified_gmt":"2025-09-13T04:00:00","slug":"momento-marc-casado","status":"publish","type":"post","link":"https:\/\/trayectoriadeportiva.com\/index.php\/2025\/09\/13\/momento-marc-casado\/","title":{"rendered":"Momento Marc Casad\u00f3"},"content":{"rendered":"<p>M\u00e1s paciencia que el santo Job. La ha tenido siempre porque nadie le ha regalado nada. No es un superdotado ni un adelantado a su tiempo. Ha acostumbrado a cocinar a fuego lento sus progresos. A Marc Casado le cost\u00f3 un mundo llegar al primer equipo del Bar\u00e7a como no le result\u00f3 sencillo asentarse primero en el filial. Una vez en la c\u00faspide acumul\u00f3 convocatorias sin jugar a las \u00f3rdenes de Xavi Hern\u00e1ndez pero no desesper\u00f3. Pudo salir del club de su vida en diversas ocasiones, la \u00faltima este mismo verano porque, en teor\u00eda, al equipo le sobran centrocampistas. Pero no se movi\u00f3. Barcelonista de cuna, jugador-aficionado y apasionado el catal\u00e1n recibi\u00f3 el espaldarazo de Hansi Flick cuando le pidi\u00f3 que se quedara.<\/p>\n<p><a href=\"https:\/\/www.lavanguardia.com\/deportes\/20250913\/11055429\/momento-casado.html\">Seguir leyendo&#8230;<\/a><\/p>","protected":false},"excerpt":{"rendered":"<p>M\u00e1s paciencia que el santo Job. La ha tenido siempre porque nadie le ha regalado nada. No es un superdotado ni un adelantado a su tiempo. Ha acostumbrado a cocinar a fuego lento sus progresos. A Marc Casado le cost\u00f3 un mundo llegar al primer equipo del Bar\u00e7a como no le result\u00f3 sencillo asentarse primero [&hellip;]<\/p>\n","protected":false},"author":1,"featured_media":33830,"comment_status":"","ping_status":"","sticky":false,"template":"","format":"standard","meta":{"_et_pb_use_builder":"","_et_pb_old_content":"","_et_gb_content_width":"","footnotes":""},"categories":[1],"tags":[],"class_list":["post-33829","post","type-post","status-publish","format-standard","has-post-thumbnail","hentry","category-blog","et-has-post-format-content","et_post_format-et-post-format-standard"],"_links":{"self":[{"href":"https:\/\/trayectoriadeportiva.com\/index.php\/wp-json\/wp\/v2\/posts\/33829","targetHints":{"allow":["GET"]}}],"collection":[{"href":"https:\/\/trayectoriadeportiva.com\/index.php\/wp-json\/wp\/v2\/posts"}],"about":[{"href":"https:\/\/trayectoriadeportiva.com\/index.php\/wp-json\/wp\/v2\/types\/post"}],"author":[{"embeddable":true,"href":"https:\/\/trayectoriadeportiva.com\/index.php\/wp-json\/wp\/v2\/users\/1"}],"replies":[{"embeddable":true,"href":"https:\/\/trayectoriadeportiva.com\/index.php\/wp-json\/wp\/v2\/comments?post=33829"}],"version-history":[{"count":0,"href":"https:\/\/trayectoriadeportiva.com\/index.php\/wp-json\/wp\/v2\/posts\/33829\/revisions"}],"wp:featuredmedia":[{"embeddable":true,"href":"https:\/\/trayectoriadeportiva.com\/index.php\/wp-json\/wp\/v2\/media\/33830"}],"wp:attachment":[{"href":"https:\/\/trayectoriadeportiva.com\/index.php\/wp-json\/wp\/v2\/media?parent=33829"}],"wp:term":[{"taxonomy":"category","embeddable":true,"href":"https:\/\/trayectoriadeportiva.com\/index.php\/wp-json\/wp\/v2\/categories?post=33829"},{"taxonomy":"post_tag","embeddable":true,"href":"https:\/\/trayectoriadeportiva.com\/index.php\/wp-json\/wp\/v2\/tags?post=33829"}],"curies":[{"name":"wp","href":"https:\/\/api.w.org\/{rel}","templated":true}]}}