{"id":33951,"date":"2025-09-14T18:59:03","date_gmt":"2025-09-14T18:59:03","guid":{"rendered":"https:\/\/trayectoriadeportiva.com\/index.php\/2025\/09\/14\/la-vuelta-acaba-en-caos\/"},"modified":"2025-09-14T18:59:03","modified_gmt":"2025-09-14T18:59:03","slug":"la-vuelta-acaba-en-caos","status":"publish","type":"post","link":"https:\/\/trayectoriadeportiva.com\/index.php\/2025\/09\/14\/la-vuelta-acaba-en-caos\/","title":{"rendered":"La Vuelta acaba en caos"},"content":{"rendered":"<p>La 80.\u00aa edici\u00f3n de la Vuelta Ciclista a Espa\u00f1a es ya historia. Casi lo de menos ha sido la esperada victoria del gran favorito, el dan\u00e9s Jonas Vingegaard, que se estrena en la ronda espa\u00f1ola tras ser un doble ganador del Tour. Lo de m\u00e1s ha sido una carrera de 21 etapas que ha ofrecido al mundo una imagen ins\u00f3lita: aprovechar el escaparate de un evento deportivo internacional para mostrar por parte de miles de manifestantes en todos los rincones del pa\u00eds la repulsa al genocidio que se est\u00e1 perpetrando en Palestina y la incomprensi\u00f3n de tener en la prueba a un equipo israel\u00ed, el Israel-Premier Tech, al que se asocia con el Gobierno de Beniamin Netanyahu.<\/p>\n<p><a href=\"https:\/\/www.lavanguardia.com\/deportes\/ciclismo\/20250914\/11059027\/vuelta-acaba-caos.html\">Seguir leyendo&#8230;<\/a><\/p>","protected":false},"excerpt":{"rendered":"<p>La 80.\u00aa edici\u00f3n de la Vuelta Ciclista a Espa\u00f1a es ya historia. Casi lo de menos ha sido la esperada victoria del gran favorito, el dan\u00e9s Jonas Vingegaard, que se estrena en la ronda espa\u00f1ola tras ser un doble ganador del Tour. Lo de m\u00e1s ha sido una carrera de 21 etapas que ha ofrecido [&hellip;]<\/p>\n","protected":false},"author":1,"featured_media":33952,"comment_status":"","ping_status":"","sticky":false,"template":"","format":"standard","meta":{"_et_pb_use_builder":"","_et_pb_old_content":"","_et_gb_content_width":"","footnotes":""},"categories":[1],"tags":[],"class_list":["post-33951","post","type-post","status-publish","format-standard","has-post-thumbnail","hentry","category-blog","et-has-post-format-content","et_post_format-et-post-format-standard"],"_links":{"self":[{"href":"https:\/\/trayectoriadeportiva.com\/index.php\/wp-json\/wp\/v2\/posts\/33951","targetHints":{"allow":["GET"]}}],"collection":[{"href":"https:\/\/trayectoriadeportiva.com\/index.php\/wp-json\/wp\/v2\/posts"}],"about":[{"href":"https:\/\/trayectoriadeportiva.com\/index.php\/wp-json\/wp\/v2\/types\/post"}],"author":[{"embeddable":true,"href":"https:\/\/trayectoriadeportiva.com\/index.php\/wp-json\/wp\/v2\/users\/1"}],"replies":[{"embeddable":true,"href":"https:\/\/trayectoriadeportiva.com\/index.php\/wp-json\/wp\/v2\/comments?post=33951"}],"version-history":[{"count":0,"href":"https:\/\/trayectoriadeportiva.com\/index.php\/wp-json\/wp\/v2\/posts\/33951\/revisions"}],"wp:featuredmedia":[{"embeddable":true,"href":"https:\/\/trayectoriadeportiva.com\/index.php\/wp-json\/wp\/v2\/media\/33952"}],"wp:attachment":[{"href":"https:\/\/trayectoriadeportiva.com\/index.php\/wp-json\/wp\/v2\/media?parent=33951"}],"wp:term":[{"taxonomy":"category","embeddable":true,"href":"https:\/\/trayectoriadeportiva.com\/index.php\/wp-json\/wp\/v2\/categories?post=33951"},{"taxonomy":"post_tag","embeddable":true,"href":"https:\/\/trayectoriadeportiva.com\/index.php\/wp-json\/wp\/v2\/tags?post=33951"}],"curies":[{"name":"wp","href":"https:\/\/api.w.org\/{rel}","templated":true}]}}