{"id":33967,"date":"2025-09-14T22:06:09","date_gmt":"2025-09-14T22:06:09","guid":{"rendered":"https:\/\/trayectoriadeportiva.com\/index.php\/2025\/09\/14\/fermin-y-ferran-sin-lamine\/"},"modified":"2025-09-14T22:06:09","modified_gmt":"2025-09-14T22:06:09","slug":"fermin-y-ferran-sin-lamine","status":"publish","type":"post","link":"https:\/\/trayectoriadeportiva.com\/index.php\/2025\/09\/14\/fermin-y-ferran-sin-lamine\/","title":{"rendered":"Ferm\u00edn y Ferran sin Lamine"},"content":{"rendered":"<p>El Valencia plante\u00f3 el peor partido posible para el Bar\u00e7a. Una defensa de cinco sumada a una amenaza de tres arriba. Y todo eso sin Lamine, el mejor jugador y el de m\u00e1s desborde. Pero el equipo blaugrana acab\u00f3 jugando muy bien a trav\u00e9s de un ataque posicional en el que punta y mediapunta actuaron como doble delantero, Bardghji y Gerard abrieron el campo y Kound\u00e9 m\u00e1s Rashford atacaron los carriles interiores. Eso y una enorme movilidad de la pareja Ferran Torres y Ferm\u00edn. Una sociedad que es un espect\u00e1culo de movimientos sin bal\u00f3n. Por la direcci\u00f3n de los desmarques y por la frecuencia.<\/p>\n<p><a href=\"https:\/\/www.lavanguardia.com\/deportes\/20250915\/11059301\/fermin-ferran-lamine.html\">Seguir leyendo&#8230;<\/a><\/p>","protected":false},"excerpt":{"rendered":"<p>El Valencia plante\u00f3 el peor partido posible para el Bar\u00e7a. Una defensa de cinco sumada a una amenaza de tres arriba. Y todo eso sin Lamine, el mejor jugador y el de m\u00e1s desborde. Pero el equipo blaugrana acab\u00f3 jugando muy bien a trav\u00e9s de un ataque posicional en el que punta y mediapunta actuaron [&hellip;]<\/p>\n","protected":false},"author":1,"featured_media":33968,"comment_status":"","ping_status":"","sticky":false,"template":"","format":"standard","meta":{"_et_pb_use_builder":"","_et_pb_old_content":"","_et_gb_content_width":"","footnotes":""},"categories":[1],"tags":[],"class_list":["post-33967","post","type-post","status-publish","format-standard","has-post-thumbnail","hentry","category-blog","et-has-post-format-content","et_post_format-et-post-format-standard"],"_links":{"self":[{"href":"https:\/\/trayectoriadeportiva.com\/index.php\/wp-json\/wp\/v2\/posts\/33967","targetHints":{"allow":["GET"]}}],"collection":[{"href":"https:\/\/trayectoriadeportiva.com\/index.php\/wp-json\/wp\/v2\/posts"}],"about":[{"href":"https:\/\/trayectoriadeportiva.com\/index.php\/wp-json\/wp\/v2\/types\/post"}],"author":[{"embeddable":true,"href":"https:\/\/trayectoriadeportiva.com\/index.php\/wp-json\/wp\/v2\/users\/1"}],"replies":[{"embeddable":true,"href":"https:\/\/trayectoriadeportiva.com\/index.php\/wp-json\/wp\/v2\/comments?post=33967"}],"version-history":[{"count":0,"href":"https:\/\/trayectoriadeportiva.com\/index.php\/wp-json\/wp\/v2\/posts\/33967\/revisions"}],"wp:featuredmedia":[{"embeddable":true,"href":"https:\/\/trayectoriadeportiva.com\/index.php\/wp-json\/wp\/v2\/media\/33968"}],"wp:attachment":[{"href":"https:\/\/trayectoriadeportiva.com\/index.php\/wp-json\/wp\/v2\/media?parent=33967"}],"wp:term":[{"taxonomy":"category","embeddable":true,"href":"https:\/\/trayectoriadeportiva.com\/index.php\/wp-json\/wp\/v2\/categories?post=33967"},{"taxonomy":"post_tag","embeddable":true,"href":"https:\/\/trayectoriadeportiva.com\/index.php\/wp-json\/wp\/v2\/tags?post=33967"}],"curies":[{"name":"wp","href":"https:\/\/api.w.org\/{rel}","templated":true}]}}