{"id":3406,"date":"2023-11-29T09:42:48","date_gmt":"2023-11-29T09:42:48","guid":{"rendered":"https:\/\/trayectoriadeportiva.com\/index.php\/2023\/11\/29\/la-copa-del-america-se-estrena-en-el-mar-rojo\/"},"modified":"2023-11-29T09:42:48","modified_gmt":"2023-11-29T09:42:48","slug":"la-copa-del-america-se-estrena-en-el-mar-rojo","status":"publish","type":"post","link":"https:\/\/trayectoriadeportiva.com\/index.php\/2023\/11\/29\/la-copa-del-america-se-estrena-en-el-mar-rojo\/","title":{"rendered":"La Copa del Am\u00e9rica se estrena en el Mar Rojo"},"content":{"rendered":"<p>Todo es nuevo en Jeddah. El Emirates Team New Zealand, defensor de la Copa del Am\u00e9rica, y los cinco equipos que aspiran a arrebat\u00e1rsela han cambiado el Mediterr\u00e1neo por el Mar Rojo. Por primera vez en 172 a\u00f1os, la Copa se ha trasladado a Arabia Saud\u00ed donde a partir de ma\u00f1ana arrancan las segundas regatas preliminares. Los equipos vuelven a medir sus fuerzas tras las\u00a0 disputadas en Vilanova i la Geltr\u00fa en septiembre, cuando el American Magic y el New Team Zealand marcaron la diferencia.<\/p>\n<p><a href=\"https:\/\/www.lavanguardia.com\/deportes\/20231129\/9414707\/copa-america-traslada-jeddah.html\">Seguir leyendo&#8230;<\/a><\/p>","protected":false},"excerpt":{"rendered":"<p>Todo es nuevo en Jeddah. El Emirates Team New Zealand, defensor de la Copa del Am\u00e9rica, y los cinco equipos que aspiran a arrebat\u00e1rsela han cambiado el Mediterr\u00e1neo por el Mar Rojo. Por primera vez en 172 a\u00f1os, la Copa se ha trasladado a Arabia Saud\u00ed donde a partir de ma\u00f1ana arrancan las segundas regatas [&hellip;]<\/p>\n","protected":false},"author":0,"featured_media":3407,"comment_status":"","ping_status":"","sticky":false,"template":"","format":"standard","meta":{"_et_pb_use_builder":"","_et_pb_old_content":"","_et_gb_content_width":"","footnotes":""},"categories":[1],"tags":[],"class_list":["post-3406","post","type-post","status-publish","format-standard","has-post-thumbnail","hentry","category-blog","et-has-post-format-content","et_post_format-et-post-format-standard"],"_links":{"self":[{"href":"https:\/\/trayectoriadeportiva.com\/index.php\/wp-json\/wp\/v2\/posts\/3406","targetHints":{"allow":["GET"]}}],"collection":[{"href":"https:\/\/trayectoriadeportiva.com\/index.php\/wp-json\/wp\/v2\/posts"}],"about":[{"href":"https:\/\/trayectoriadeportiva.com\/index.php\/wp-json\/wp\/v2\/types\/post"}],"replies":[{"embeddable":true,"href":"https:\/\/trayectoriadeportiva.com\/index.php\/wp-json\/wp\/v2\/comments?post=3406"}],"version-history":[{"count":0,"href":"https:\/\/trayectoriadeportiva.com\/index.php\/wp-json\/wp\/v2\/posts\/3406\/revisions"}],"wp:featuredmedia":[{"embeddable":true,"href":"https:\/\/trayectoriadeportiva.com\/index.php\/wp-json\/wp\/v2\/media\/3407"}],"wp:attachment":[{"href":"https:\/\/trayectoriadeportiva.com\/index.php\/wp-json\/wp\/v2\/media?parent=3406"}],"wp:term":[{"taxonomy":"category","embeddable":true,"href":"https:\/\/trayectoriadeportiva.com\/index.php\/wp-json\/wp\/v2\/categories?post=3406"},{"taxonomy":"post_tag","embeddable":true,"href":"https:\/\/trayectoriadeportiva.com\/index.php\/wp-json\/wp\/v2\/tags?post=3406"}],"curies":[{"name":"wp","href":"https:\/\/api.w.org\/{rel}","templated":true}]}}