{"id":34105,"date":"2025-09-17T16:46:17","date_gmt":"2025-09-17T16:46:17","guid":{"rendered":"https:\/\/trayectoriadeportiva.com\/index.php\/2025\/09\/17\/rosell-y-bartomeu-los-primeros-expresidentes-en-declarar-ante-la-juez-por-el-caso-negreira\/"},"modified":"2025-09-17T16:46:17","modified_gmt":"2025-09-17T16:46:17","slug":"rosell-y-bartomeu-los-primeros-expresidentes-en-declarar-ante-la-juez-por-el-caso-negreira","status":"publish","type":"post","link":"https:\/\/trayectoriadeportiva.com\/index.php\/2025\/09\/17\/rosell-y-bartomeu-los-primeros-expresidentes-en-declarar-ante-la-juez-por-el-caso-negreira\/","title":{"rendered":"Rosell y Bartomeu, los primeros expresidentes en declarar ante la juez por el caso Negreira"},"content":{"rendered":"<p>Sandro Rosell y Josep Maria Bartomeu declaran este jueves como imputados por el caso Negreira. Ser\u00e1 el primer interrogatorio que presten ante la justicia los expresidentes del Bar\u00e7a dos a\u00f1os y medio despu\u00e9s de que estallara el esc\u00e1ndalo. Deber\u00e1n aclarar por qu\u00e9 el FC Barcelona pag\u00f3 7,5 millones de euros entre 2001 y 2018 al exvicepresidente del Comit\u00e9 T\u00e9cnico de \u00c1rbitros (CTA), Jos\u00e9 Mar\u00eda Enr\u00edquez Negreira. El caso aflor\u00f3 despu\u00e9s de que el propio Negreira &#8211; que sufre Alzheimer y guard\u00f3 silencio ante el juez- admitiera durante una inspecci\u00f3n de Hacienda que el FCBarcelona le pagaba para <a href=\"https:\/\/www.lavanguardia.com\/deportes\/fc-barcelona\/20230322\/8843095\/negreira-nego-haber-pagado-arbitros.html\" title=\"Negreira neg\u00f3 haber pagado a los \u00e1rbitros\">asegurar la neutralidad de los \u00e1rbitros <\/a>cuando dirig\u00edan al club azulgrana. La Agencia Tributaria deriv\u00f3 el caso a la Fiscal\u00eda que present\u00f3 una denuncia por corrupci\u00f3n deportiva al considerar que el FC Barcelona pudo haber alterado la competici\u00f3n y por administraci\u00f3n desleal por abonar un sobreprecio por servicios que no val\u00edan lo que costaron, como los informes de dos p\u00e1ginas sobre \u00e1rbitros  que elaboraba el hijo de Negreira, o por trabajos que eran inexistentes como el supuesto asesoramiento en materia arbitral que prestaba verbalmente Negreira.<\/p>\n<p><a href=\"https:\/\/www.lavanguardia.com\/deportes\/fc-barcelona\/20250917\/11070570\/rosell-bartomeu-declaran-juez-caso-negreira.html\">Seguir leyendo&#8230;<\/a><\/p>","protected":false},"excerpt":{"rendered":"<p>Sandro Rosell y Josep Maria Bartomeu declaran este jueves como imputados por el caso Negreira. Ser\u00e1 el primer interrogatorio que presten ante la justicia los expresidentes del Bar\u00e7a dos a\u00f1os y medio despu\u00e9s de que estallara el esc\u00e1ndalo. Deber\u00e1n aclarar por qu\u00e9 el FC Barcelona pag\u00f3 7,5 millones de euros entre 2001 y 2018 al [&hellip;]<\/p>\n","protected":false},"author":1,"featured_media":34106,"comment_status":"","ping_status":"","sticky":false,"template":"","format":"standard","meta":{"_et_pb_use_builder":"","_et_pb_old_content":"","_et_gb_content_width":"","footnotes":""},"categories":[1],"tags":[],"class_list":["post-34105","post","type-post","status-publish","format-standard","has-post-thumbnail","hentry","category-blog","et-has-post-format-content","et_post_format-et-post-format-standard"],"_links":{"self":[{"href":"https:\/\/trayectoriadeportiva.com\/index.php\/wp-json\/wp\/v2\/posts\/34105","targetHints":{"allow":["GET"]}}],"collection":[{"href":"https:\/\/trayectoriadeportiva.com\/index.php\/wp-json\/wp\/v2\/posts"}],"about":[{"href":"https:\/\/trayectoriadeportiva.com\/index.php\/wp-json\/wp\/v2\/types\/post"}],"author":[{"embeddable":true,"href":"https:\/\/trayectoriadeportiva.com\/index.php\/wp-json\/wp\/v2\/users\/1"}],"replies":[{"embeddable":true,"href":"https:\/\/trayectoriadeportiva.com\/index.php\/wp-json\/wp\/v2\/comments?post=34105"}],"version-history":[{"count":0,"href":"https:\/\/trayectoriadeportiva.com\/index.php\/wp-json\/wp\/v2\/posts\/34105\/revisions"}],"wp:featuredmedia":[{"embeddable":true,"href":"https:\/\/trayectoriadeportiva.com\/index.php\/wp-json\/wp\/v2\/media\/34106"}],"wp:attachment":[{"href":"https:\/\/trayectoriadeportiva.com\/index.php\/wp-json\/wp\/v2\/media?parent=34105"}],"wp:term":[{"taxonomy":"category","embeddable":true,"href":"https:\/\/trayectoriadeportiva.com\/index.php\/wp-json\/wp\/v2\/categories?post=34105"},{"taxonomy":"post_tag","embeddable":true,"href":"https:\/\/trayectoriadeportiva.com\/index.php\/wp-json\/wp\/v2\/tags?post=34105"}],"curies":[{"name":"wp","href":"https:\/\/api.w.org\/{rel}","templated":true}]}}