{"id":34123,"date":"2025-09-18T04:00:00","date_gmt":"2025-09-18T04:00:00","guid":{"rendered":"https:\/\/trayectoriadeportiva.com\/index.php\/2025\/09\/18\/toda-catalunya-con-el-espanyol\/"},"modified":"2025-09-18T04:00:00","modified_gmt":"2025-09-18T04:00:00","slug":"toda-catalunya-con-el-espanyol","status":"publish","type":"post","link":"https:\/\/trayectoriadeportiva.com\/index.php\/2025\/09\/18\/toda-catalunya-con-el-espanyol\/","title":{"rendered":"\u00a1Toda Catalunya con el Espanyol!"},"content":{"rendered":"<p>Para los lectores de Chicago (Illinois), Tombuct\u00fa y Ulan Bator, conviene aclarar que Catalunya tiene unas costumbres no siempre racionales y muy suyas. As\u00ed,<i> fer cagar el ti\u00f3 <\/i>\u2013zurrar un tronco para que defeque regalos infantiles\u2013, los<i> castells <\/i>\u2013levantar unas torres humanas y poner en lo alto a un chaval al que en el resto de la humanidad prohibir\u00eda encaramarse por temor a que se rompa la crisma\u2013 y la semana que el RCD Espanyol juega contra el Real Madrid, como sucede este s\u00e1bado. \u00a1Toda Catalunya se vuelve blanquiazul! \u00a1Milagro! Y los blanquiazules, que se pasan la vida quej\u00e1ndose de estar discriminados en su tierra, se lo toman a mal, lejos de fundirse en un abrazo con la mayor\u00eda azulgrana de Catalunya.<\/p>\n<p><a href=\"https:\/\/www.lavanguardia.com\/deportes\/rcde-espanyol\/20250918\/11070945\/toda-catalunya-con-espanyol.html\">Seguir leyendo&#8230;<\/a><\/p>","protected":false},"excerpt":{"rendered":"<p>Para los lectores de Chicago (Illinois), Tombuct\u00fa y Ulan Bator, conviene aclarar que Catalunya tiene unas costumbres no siempre racionales y muy suyas. As\u00ed, fer cagar el ti\u00f3 \u2013zurrar un tronco para que defeque regalos infantiles\u2013, los castells \u2013levantar unas torres humanas y poner en lo alto a un chaval al que en el resto [&hellip;]<\/p>\n","protected":false},"author":1,"featured_media":34124,"comment_status":"","ping_status":"","sticky":false,"template":"","format":"standard","meta":{"_et_pb_use_builder":"","_et_pb_old_content":"","_et_gb_content_width":"","footnotes":""},"categories":[1],"tags":[],"class_list":["post-34123","post","type-post","status-publish","format-standard","has-post-thumbnail","hentry","category-blog","et-has-post-format-content","et_post_format-et-post-format-standard"],"_links":{"self":[{"href":"https:\/\/trayectoriadeportiva.com\/index.php\/wp-json\/wp\/v2\/posts\/34123","targetHints":{"allow":["GET"]}}],"collection":[{"href":"https:\/\/trayectoriadeportiva.com\/index.php\/wp-json\/wp\/v2\/posts"}],"about":[{"href":"https:\/\/trayectoriadeportiva.com\/index.php\/wp-json\/wp\/v2\/types\/post"}],"author":[{"embeddable":true,"href":"https:\/\/trayectoriadeportiva.com\/index.php\/wp-json\/wp\/v2\/users\/1"}],"replies":[{"embeddable":true,"href":"https:\/\/trayectoriadeportiva.com\/index.php\/wp-json\/wp\/v2\/comments?post=34123"}],"version-history":[{"count":0,"href":"https:\/\/trayectoriadeportiva.com\/index.php\/wp-json\/wp\/v2\/posts\/34123\/revisions"}],"wp:featuredmedia":[{"embeddable":true,"href":"https:\/\/trayectoriadeportiva.com\/index.php\/wp-json\/wp\/v2\/media\/34124"}],"wp:attachment":[{"href":"https:\/\/trayectoriadeportiva.com\/index.php\/wp-json\/wp\/v2\/media?parent=34123"}],"wp:term":[{"taxonomy":"category","embeddable":true,"href":"https:\/\/trayectoriadeportiva.com\/index.php\/wp-json\/wp\/v2\/categories?post=34123"},{"taxonomy":"post_tag","embeddable":true,"href":"https:\/\/trayectoriadeportiva.com\/index.php\/wp-json\/wp\/v2\/tags?post=34123"}],"curies":[{"name":"wp","href":"https:\/\/api.w.org\/{rel}","templated":true}]}}