{"id":34284,"date":"2025-09-21T04:00:00","date_gmt":"2025-09-21T04:00:00","guid":{"rendered":"https:\/\/trayectoriadeportiva.com\/index.php\/2025\/09\/21\/eric-garcia-el-central-limpio-contra-el-getafe\/"},"modified":"2025-09-21T04:00:00","modified_gmt":"2025-09-21T04:00:00","slug":"eric-garcia-el-central-limpio-contra-el-getafe","status":"publish","type":"post","link":"https:\/\/trayectoriadeportiva.com\/index.php\/2025\/09\/21\/eric-garcia-el-central-limpio-contra-el-getafe\/","title":{"rendered":"Eric Garcia, el central limpio contra el Getafe"},"content":{"rendered":"<p>En los seis primeros encuentros de la temporada pasada, Hansi Flick lo tuvo claro y meridiano. Su pareja de centrales era la formada por Cubars\u00ed e I\u00f1igo Mart\u00ednez. El canterano y el vasco, que fueron los \u00fanicos marcadores del primer equipo que hicieron la pretemporada, jugaron juntos en 20 de los 22 encuentros. Eran inamovibles y lo fueron pr\u00e1cticamente durante toda la campa\u00f1a si el f\u00edsico se lo permit\u00eda.<\/p>\n<p><a href=\"https:\/\/www.lavanguardia.com\/deportes\/fc-barcelona\/20250921\/11080887\/eric-garcia-el-central-limpio-contra-el-getafe.html\">Seguir leyendo&#8230;<\/a><\/p>","protected":false},"excerpt":{"rendered":"<p>En los seis primeros encuentros de la temporada pasada, Hansi Flick lo tuvo claro y meridiano. Su pareja de centrales era la formada por Cubars\u00ed e I\u00f1igo Mart\u00ednez. El canterano y el vasco, que fueron los \u00fanicos marcadores del primer equipo que hicieron la pretemporada, jugaron juntos en 20 de los 22 encuentros. Eran inamovibles [&hellip;]<\/p>\n","protected":false},"author":1,"featured_media":34285,"comment_status":"","ping_status":"","sticky":false,"template":"","format":"standard","meta":{"_et_pb_use_builder":"","_et_pb_old_content":"","_et_gb_content_width":"","footnotes":""},"categories":[1],"tags":[],"class_list":["post-34284","post","type-post","status-publish","format-standard","has-post-thumbnail","hentry","category-blog","et-has-post-format-content","et_post_format-et-post-format-standard"],"_links":{"self":[{"href":"https:\/\/trayectoriadeportiva.com\/index.php\/wp-json\/wp\/v2\/posts\/34284","targetHints":{"allow":["GET"]}}],"collection":[{"href":"https:\/\/trayectoriadeportiva.com\/index.php\/wp-json\/wp\/v2\/posts"}],"about":[{"href":"https:\/\/trayectoriadeportiva.com\/index.php\/wp-json\/wp\/v2\/types\/post"}],"author":[{"embeddable":true,"href":"https:\/\/trayectoriadeportiva.com\/index.php\/wp-json\/wp\/v2\/users\/1"}],"replies":[{"embeddable":true,"href":"https:\/\/trayectoriadeportiva.com\/index.php\/wp-json\/wp\/v2\/comments?post=34284"}],"version-history":[{"count":0,"href":"https:\/\/trayectoriadeportiva.com\/index.php\/wp-json\/wp\/v2\/posts\/34284\/revisions"}],"wp:featuredmedia":[{"embeddable":true,"href":"https:\/\/trayectoriadeportiva.com\/index.php\/wp-json\/wp\/v2\/media\/34285"}],"wp:attachment":[{"href":"https:\/\/trayectoriadeportiva.com\/index.php\/wp-json\/wp\/v2\/media?parent=34284"}],"wp:term":[{"taxonomy":"category","embeddable":true,"href":"https:\/\/trayectoriadeportiva.com\/index.php\/wp-json\/wp\/v2\/categories?post=34284"},{"taxonomy":"post_tag","embeddable":true,"href":"https:\/\/trayectoriadeportiva.com\/index.php\/wp-json\/wp\/v2\/tags?post=34284"}],"curies":[{"name":"wp","href":"https:\/\/api.w.org\/{rel}","templated":true}]}}