{"id":34315,"date":"2025-09-21T15:17:21","date_gmt":"2025-09-21T15:17:21","guid":{"rendered":"https:\/\/trayectoriadeportiva.com\/index.php\/2025\/09\/21\/doble-record-en-la-cursa-de-la-merce\/"},"modified":"2025-09-21T15:17:21","modified_gmt":"2025-09-21T15:17:21","slug":"doble-record-en-la-cursa-de-la-merce","status":"publish","type":"post","link":"https:\/\/trayectoriadeportiva.com\/index.php\/2025\/09\/21\/doble-record-en-la-cursa-de-la-merce\/","title":{"rendered":"Doble r\u00e9cord en la Cursa de la Merc\u00e8"},"content":{"rendered":"<p>El australiano James Whelan y la marroqu\u00ed Douae Ouboukir han ganado este domingo la 47\u00aa edici\u00f3n de la Cursa de la Merc\u00e8 Bimbo Global Race y han batido los r\u00e9cords de las categor\u00edas masculina y femenina en esta carrera barcelonesa de 10 kil\u00f3metros. Whelan, hasta ahora un nombre poco conocido en el panorama del atletismo, dio la gran sorpresa al imponerse con autoridad y pulverizar la mejor marca masculina de la prueba, que dej\u00f3 en 29 minutos y 4 segundos.\u00a0<\/p>\n<p><a href=\"https:\/\/www.lavanguardia.com\/local\/barcelona\/20250921\/11082432\/doble-record-cursa-merce.html\">Seguir leyendo&#8230;<\/a><\/p>","protected":false},"excerpt":{"rendered":"<p>El australiano James Whelan y la marroqu\u00ed Douae Ouboukir han ganado este domingo la 47\u00aa edici\u00f3n de la Cursa de la Merc\u00e8 Bimbo Global Race y han batido los r\u00e9cords de las categor\u00edas masculina y femenina en esta carrera barcelonesa de 10 kil\u00f3metros. Whelan, hasta ahora un nombre poco conocido en el panorama del atletismo, [&hellip;]<\/p>\n","protected":false},"author":1,"featured_media":34316,"comment_status":"","ping_status":"","sticky":false,"template":"","format":"standard","meta":{"_et_pb_use_builder":"","_et_pb_old_content":"","_et_gb_content_width":"","footnotes":""},"categories":[1],"tags":[],"class_list":["post-34315","post","type-post","status-publish","format-standard","has-post-thumbnail","hentry","category-blog","et-has-post-format-content","et_post_format-et-post-format-standard"],"_links":{"self":[{"href":"https:\/\/trayectoriadeportiva.com\/index.php\/wp-json\/wp\/v2\/posts\/34315","targetHints":{"allow":["GET"]}}],"collection":[{"href":"https:\/\/trayectoriadeportiva.com\/index.php\/wp-json\/wp\/v2\/posts"}],"about":[{"href":"https:\/\/trayectoriadeportiva.com\/index.php\/wp-json\/wp\/v2\/types\/post"}],"author":[{"embeddable":true,"href":"https:\/\/trayectoriadeportiva.com\/index.php\/wp-json\/wp\/v2\/users\/1"}],"replies":[{"embeddable":true,"href":"https:\/\/trayectoriadeportiva.com\/index.php\/wp-json\/wp\/v2\/comments?post=34315"}],"version-history":[{"count":0,"href":"https:\/\/trayectoriadeportiva.com\/index.php\/wp-json\/wp\/v2\/posts\/34315\/revisions"}],"wp:featuredmedia":[{"embeddable":true,"href":"https:\/\/trayectoriadeportiva.com\/index.php\/wp-json\/wp\/v2\/media\/34316"}],"wp:attachment":[{"href":"https:\/\/trayectoriadeportiva.com\/index.php\/wp-json\/wp\/v2\/media?parent=34315"}],"wp:term":[{"taxonomy":"category","embeddable":true,"href":"https:\/\/trayectoriadeportiva.com\/index.php\/wp-json\/wp\/v2\/categories?post=34315"},{"taxonomy":"post_tag","embeddable":true,"href":"https:\/\/trayectoriadeportiva.com\/index.php\/wp-json\/wp\/v2\/tags?post=34315"}],"curies":[{"name":"wp","href":"https:\/\/api.w.org\/{rel}","templated":true}]}}