{"id":34339,"date":"2025-09-21T18:45:01","date_gmt":"2025-09-21T18:45:01","guid":{"rendered":"https:\/\/trayectoriadeportiva.com\/index.php\/2025\/09\/21\/el-manresa-quiere-la-lliga-catalana-mas-que-el-joventut-aunque-la-sufre-hasta-el-ultimo-tiro\/"},"modified":"2025-09-21T18:45:01","modified_gmt":"2025-09-21T18:45:01","slug":"el-manresa-quiere-la-lliga-catalana-mas-que-el-joventut-aunque-la-sufre-hasta-el-ultimo-tiro","status":"publish","type":"post","link":"https:\/\/trayectoriadeportiva.com\/index.php\/2025\/09\/21\/el-manresa-quiere-la-lliga-catalana-mas-que-el-joventut-aunque-la-sufre-hasta-el-ultimo-tiro\/","title":{"rendered":"El Manresa quiere la Lliga Catalana m\u00e1s que el Joventut aunque la sufre hasta el \u00faltimo tiro"},"content":{"rendered":"<p>No es que el Joventut de Badalona no quisiera esta Lliga Catalana. De hecho, gan\u00f3 al FC Barcelona en las semifinales, lo que le convert\u00eda en favorito de esta edici\u00f3n espectacular celebrada en Tarragona. Pero el Manresa la dese\u00f3 m\u00e1s, desde el primer minuto donde ya tom\u00f3 una ventaja que le acompa\u00f1\u00f3 hasta el final del partido por mucho que los de Daniel Miret empataran en el tercer cuarto y se acercaran al comienzo del \u00faltimo. Pero el Manresa renaci\u00f3 porque fue m\u00e1s constante y encontr\u00f3 en Agust\u00edn Ubal y Hugo Ben\u00edtez sus dos pilares (83-79).<\/p>\n<p><a href=\"https:\/\/www.lavanguardia.com\/deportes\/baloncesto\/20250921\/11082656\/joventut-badalona-manresa-lliga-catalana-final.html\">Seguir leyendo&#8230;<\/a><\/p>","protected":false},"excerpt":{"rendered":"<p>No es que el Joventut de Badalona no quisiera esta Lliga Catalana. De hecho, gan\u00f3 al FC Barcelona en las semifinales, lo que le convert\u00eda en favorito de esta edici\u00f3n espectacular celebrada en Tarragona. Pero el Manresa la dese\u00f3 m\u00e1s, desde el primer minuto donde ya tom\u00f3 una ventaja que le acompa\u00f1\u00f3 hasta el final [&hellip;]<\/p>\n","protected":false},"author":1,"featured_media":34340,"comment_status":"","ping_status":"","sticky":false,"template":"","format":"standard","meta":{"_et_pb_use_builder":"","_et_pb_old_content":"","_et_gb_content_width":"","footnotes":""},"categories":[1],"tags":[],"class_list":["post-34339","post","type-post","status-publish","format-standard","has-post-thumbnail","hentry","category-blog","et-has-post-format-content","et_post_format-et-post-format-standard"],"_links":{"self":[{"href":"https:\/\/trayectoriadeportiva.com\/index.php\/wp-json\/wp\/v2\/posts\/34339","targetHints":{"allow":["GET"]}}],"collection":[{"href":"https:\/\/trayectoriadeportiva.com\/index.php\/wp-json\/wp\/v2\/posts"}],"about":[{"href":"https:\/\/trayectoriadeportiva.com\/index.php\/wp-json\/wp\/v2\/types\/post"}],"author":[{"embeddable":true,"href":"https:\/\/trayectoriadeportiva.com\/index.php\/wp-json\/wp\/v2\/users\/1"}],"replies":[{"embeddable":true,"href":"https:\/\/trayectoriadeportiva.com\/index.php\/wp-json\/wp\/v2\/comments?post=34339"}],"version-history":[{"count":0,"href":"https:\/\/trayectoriadeportiva.com\/index.php\/wp-json\/wp\/v2\/posts\/34339\/revisions"}],"wp:featuredmedia":[{"embeddable":true,"href":"https:\/\/trayectoriadeportiva.com\/index.php\/wp-json\/wp\/v2\/media\/34340"}],"wp:attachment":[{"href":"https:\/\/trayectoriadeportiva.com\/index.php\/wp-json\/wp\/v2\/media?parent=34339"}],"wp:term":[{"taxonomy":"category","embeddable":true,"href":"https:\/\/trayectoriadeportiva.com\/index.php\/wp-json\/wp\/v2\/categories?post=34339"},{"taxonomy":"post_tag","embeddable":true,"href":"https:\/\/trayectoriadeportiva.com\/index.php\/wp-json\/wp\/v2\/tags?post=34339"}],"curies":[{"name":"wp","href":"https:\/\/api.w.org\/{rel}","templated":true}]}}