{"id":34353,"date":"2025-09-21T22:28:50","date_gmt":"2025-09-21T22:28:50","guid":{"rendered":"https:\/\/trayectoriadeportiva.com\/index.php\/2025\/09\/21\/el-buen-rollo-de-los-garcia\/"},"modified":"2025-09-21T22:28:50","modified_gmt":"2025-09-21T22:28:50","slug":"el-buen-rollo-de-los-garcia","status":"publish","type":"post","link":"https:\/\/trayectoriadeportiva.com\/index.php\/2025\/09\/21\/el-buen-rollo-de-los-garcia\/","title":{"rendered":"El buen rollo de los Garcia"},"content":{"rendered":"<p>No cabe duda de que tras su controvertido fichaje procedente del Espanyol, \u00adJoan Garcia ha ca\u00eddo de pie en el Bar\u00e7a. Tanto en el terreno de juego como en el vestuario. Su adaptaci\u00f3n a una manera de jugar muy diferente a la que estaba acostumbrado en el equipo blanquiazul, donde ten\u00eda que intervenir en muchas m\u00e1s ocasiones que las que le obliga el arriesgado sistema defensivo dise\u00f1ado por Flick, con muchos metros entre la \u00faltima l\u00ednea y el portero, ha sido un \u00e9xito. Con sus acertadas intervenciones, el de Sallent parece como si llevase toda la vida bajo los palos de la porter\u00eda barcelonista. Pero su r\u00e1pida adaptaci\u00f3n no se ha limitado \u00fanicamente al c\u00e9sped, sino que en el vestuario ha tenido una excelente acogida entre sus compa\u00f1eros. Y eso que, a priori, el tema no pintaba nada bien, por la incomodidad que gener\u00f3 su llegada para el capit\u00e1n, Ter Stegen, que se vio relegado a una suplencia dif\u00edcil de digerir para el alem\u00e1n.<\/p>\n<p><a href=\"https:\/\/www.lavanguardia.com\/deportes\/20250922\/11083061\/buen-rollo-garcia.html\">Seguir leyendo&#8230;<\/a><\/p>","protected":false},"excerpt":{"rendered":"<p>No cabe duda de que tras su controvertido fichaje procedente del Espanyol, \u00adJoan Garcia ha ca\u00eddo de pie en el Bar\u00e7a. Tanto en el terreno de juego como en el vestuario. Su adaptaci\u00f3n a una manera de jugar muy diferente a la que estaba acostumbrado en el equipo blanquiazul, donde ten\u00eda que intervenir en muchas [&hellip;]<\/p>\n","protected":false},"author":1,"featured_media":34354,"comment_status":"","ping_status":"","sticky":false,"template":"","format":"standard","meta":{"_et_pb_use_builder":"","_et_pb_old_content":"","_et_gb_content_width":"","footnotes":""},"categories":[1],"tags":[],"class_list":["post-34353","post","type-post","status-publish","format-standard","has-post-thumbnail","hentry","category-blog","et-has-post-format-content","et_post_format-et-post-format-standard"],"_links":{"self":[{"href":"https:\/\/trayectoriadeportiva.com\/index.php\/wp-json\/wp\/v2\/posts\/34353","targetHints":{"allow":["GET"]}}],"collection":[{"href":"https:\/\/trayectoriadeportiva.com\/index.php\/wp-json\/wp\/v2\/posts"}],"about":[{"href":"https:\/\/trayectoriadeportiva.com\/index.php\/wp-json\/wp\/v2\/types\/post"}],"author":[{"embeddable":true,"href":"https:\/\/trayectoriadeportiva.com\/index.php\/wp-json\/wp\/v2\/users\/1"}],"replies":[{"embeddable":true,"href":"https:\/\/trayectoriadeportiva.com\/index.php\/wp-json\/wp\/v2\/comments?post=34353"}],"version-history":[{"count":0,"href":"https:\/\/trayectoriadeportiva.com\/index.php\/wp-json\/wp\/v2\/posts\/34353\/revisions"}],"wp:featuredmedia":[{"embeddable":true,"href":"https:\/\/trayectoriadeportiva.com\/index.php\/wp-json\/wp\/v2\/media\/34354"}],"wp:attachment":[{"href":"https:\/\/trayectoriadeportiva.com\/index.php\/wp-json\/wp\/v2\/media?parent=34353"}],"wp:term":[{"taxonomy":"category","embeddable":true,"href":"https:\/\/trayectoriadeportiva.com\/index.php\/wp-json\/wp\/v2\/categories?post=34353"},{"taxonomy":"post_tag","embeddable":true,"href":"https:\/\/trayectoriadeportiva.com\/index.php\/wp-json\/wp\/v2\/tags?post=34353"}],"curies":[{"name":"wp","href":"https:\/\/api.w.org\/{rel}","templated":true}]}}