{"id":34384,"date":"2025-09-22T16:36:17","date_gmt":"2025-09-22T16:36:17","guid":{"rendered":"https:\/\/trayectoriadeportiva.com\/index.php\/2025\/09\/22\/el-rolex-switzerland-sail-grand-prix-estrena-con-exito-el-lago-de-ginebra-como-sede-nautica\/"},"modified":"2025-09-22T16:36:17","modified_gmt":"2025-09-22T16:36:17","slug":"el-rolex-switzerland-sail-grand-prix-estrena-con-exito-el-lago-de-ginebra-como-sede-nautica","status":"publish","type":"post","link":"https:\/\/trayectoriadeportiva.com\/index.php\/2025\/09\/22\/el-rolex-switzerland-sail-grand-prix-estrena-con-exito-el-lago-de-ginebra-como-sede-nautica\/","title":{"rendered":"El Rolex Switzerland Sail Grand Prix estrena con \u00e9xito el lago de Ginebra como sede n\u00e1utica"},"content":{"rendered":"<p>El lago de Ginebra ha sido testigo este fin de semana de un momento hist\u00f3rico en el mundo de la vela, al acoger por primera vez el Rolex Switzerland Sail Grand Prix. La competici\u00f3n, que forma parte del Campeonato Rolex SailGP, eligi\u00f3 las impresionantes aguas del lago suizo, con los Alpes como tel\u00f3n de fondo, para disputar la d\u00e9cima cita del campeonato de 2025.<\/p>\n<p><a href=\"https:\/\/www.lavanguardia.com\/deportes\/vela\/20250922\/11086149\/rolex-switzerland-sail-grand-prix-estrena-exito-lago-ginebra-sede-nautica.html\">Seguir leyendo&#8230;<\/a><\/p>","protected":false},"excerpt":{"rendered":"<p>El lago de Ginebra ha sido testigo este fin de semana de un momento hist\u00f3rico en el mundo de la vela, al acoger por primera vez el Rolex Switzerland Sail Grand Prix. La competici\u00f3n, que forma parte del Campeonato Rolex SailGP, eligi\u00f3 las impresionantes aguas del lago suizo, con los Alpes como tel\u00f3n de fondo, [&hellip;]<\/p>\n","protected":false},"author":1,"featured_media":34385,"comment_status":"","ping_status":"","sticky":false,"template":"","format":"standard","meta":{"_et_pb_use_builder":"","_et_pb_old_content":"","_et_gb_content_width":"","footnotes":""},"categories":[1],"tags":[],"class_list":["post-34384","post","type-post","status-publish","format-standard","has-post-thumbnail","hentry","category-blog","et-has-post-format-content","et_post_format-et-post-format-standard"],"_links":{"self":[{"href":"https:\/\/trayectoriadeportiva.com\/index.php\/wp-json\/wp\/v2\/posts\/34384","targetHints":{"allow":["GET"]}}],"collection":[{"href":"https:\/\/trayectoriadeportiva.com\/index.php\/wp-json\/wp\/v2\/posts"}],"about":[{"href":"https:\/\/trayectoriadeportiva.com\/index.php\/wp-json\/wp\/v2\/types\/post"}],"author":[{"embeddable":true,"href":"https:\/\/trayectoriadeportiva.com\/index.php\/wp-json\/wp\/v2\/users\/1"}],"replies":[{"embeddable":true,"href":"https:\/\/trayectoriadeportiva.com\/index.php\/wp-json\/wp\/v2\/comments?post=34384"}],"version-history":[{"count":0,"href":"https:\/\/trayectoriadeportiva.com\/index.php\/wp-json\/wp\/v2\/posts\/34384\/revisions"}],"wp:featuredmedia":[{"embeddable":true,"href":"https:\/\/trayectoriadeportiva.com\/index.php\/wp-json\/wp\/v2\/media\/34385"}],"wp:attachment":[{"href":"https:\/\/trayectoriadeportiva.com\/index.php\/wp-json\/wp\/v2\/media?parent=34384"}],"wp:term":[{"taxonomy":"category","embeddable":true,"href":"https:\/\/trayectoriadeportiva.com\/index.php\/wp-json\/wp\/v2\/categories?post=34384"},{"taxonomy":"post_tag","embeddable":true,"href":"https:\/\/trayectoriadeportiva.com\/index.php\/wp-json\/wp\/v2\/tags?post=34384"}],"curies":[{"name":"wp","href":"https:\/\/api.w.org\/{rel}","templated":true}]}}