{"id":34486,"date":"2025-09-25T12:20:09","date_gmt":"2025-09-25T12:20:09","guid":{"rendered":"https:\/\/trayectoriadeportiva.com\/index.php\/2025\/09\/25\/donald-trump-asistira-al-estreno-de-la-ryder-cup-que-intenta-evitar-un-caos-de-seguridad\/"},"modified":"2025-09-25T12:20:09","modified_gmt":"2025-09-25T12:20:09","slug":"donald-trump-asistira-al-estreno-de-la-ryder-cup-que-intenta-evitar-un-caos-de-seguridad","status":"publish","type":"post","link":"https:\/\/trayectoriadeportiva.com\/index.php\/2025\/09\/25\/donald-trump-asistira-al-estreno-de-la-ryder-cup-que-intenta-evitar-un-caos-de-seguridad\/","title":{"rendered":"Donald Trump asistir\u00e1 al estreno de la Ryder Cup, que intenta evitar un caos de seguridad"},"content":{"rendered":"<p>Un objeto tan com\u00fan en un campo de golf, y tan necesario especialmente en semanas como esta, con una previsi\u00f3n pasada por agua, como es un paraguas estar\u00e1 prohibido en la primera jornada de la Ryder Cup. El motivo es bien sencillo, Donald Trump, presidente de los Estados Unidos, no quiere perd\u00e9rselo y las medidas de seguridad ser\u00e1n este viernes extremas.<\/p>\n<p><a href=\"https:\/\/www.lavanguardia.com\/deportes\/golf\/20250925\/11096396\/donald-trump-ryder-cup-seguridad-bethpage-nueva-york.html\">Seguir leyendo&#8230;<\/a><\/p>","protected":false},"excerpt":{"rendered":"<p>Un objeto tan com\u00fan en un campo de golf, y tan necesario especialmente en semanas como esta, con una previsi\u00f3n pasada por agua, como es un paraguas estar\u00e1 prohibido en la primera jornada de la Ryder Cup. El motivo es bien sencillo, Donald Trump, presidente de los Estados Unidos, no quiere perd\u00e9rselo y las medidas [&hellip;]<\/p>\n","protected":false},"author":1,"featured_media":34487,"comment_status":"","ping_status":"","sticky":false,"template":"","format":"standard","meta":{"_et_pb_use_builder":"","_et_pb_old_content":"","_et_gb_content_width":"","footnotes":""},"categories":[1],"tags":[],"class_list":["post-34486","post","type-post","status-publish","format-standard","has-post-thumbnail","hentry","category-blog","et-has-post-format-content","et_post_format-et-post-format-standard"],"_links":{"self":[{"href":"https:\/\/trayectoriadeportiva.com\/index.php\/wp-json\/wp\/v2\/posts\/34486","targetHints":{"allow":["GET"]}}],"collection":[{"href":"https:\/\/trayectoriadeportiva.com\/index.php\/wp-json\/wp\/v2\/posts"}],"about":[{"href":"https:\/\/trayectoriadeportiva.com\/index.php\/wp-json\/wp\/v2\/types\/post"}],"author":[{"embeddable":true,"href":"https:\/\/trayectoriadeportiva.com\/index.php\/wp-json\/wp\/v2\/users\/1"}],"replies":[{"embeddable":true,"href":"https:\/\/trayectoriadeportiva.com\/index.php\/wp-json\/wp\/v2\/comments?post=34486"}],"version-history":[{"count":0,"href":"https:\/\/trayectoriadeportiva.com\/index.php\/wp-json\/wp\/v2\/posts\/34486\/revisions"}],"wp:featuredmedia":[{"embeddable":true,"href":"https:\/\/trayectoriadeportiva.com\/index.php\/wp-json\/wp\/v2\/media\/34487"}],"wp:attachment":[{"href":"https:\/\/trayectoriadeportiva.com\/index.php\/wp-json\/wp\/v2\/media?parent=34486"}],"wp:term":[{"taxonomy":"category","embeddable":true,"href":"https:\/\/trayectoriadeportiva.com\/index.php\/wp-json\/wp\/v2\/categories?post=34486"},{"taxonomy":"post_tag","embeddable":true,"href":"https:\/\/trayectoriadeportiva.com\/index.php\/wp-json\/wp\/v2\/tags?post=34486"}],"curies":[{"name":"wp","href":"https:\/\/api.w.org\/{rel}","templated":true}]}}