{"id":34490,"date":"2025-09-25T14:38:34","date_gmt":"2025-09-25T14:38:34","guid":{"rendered":"https:\/\/trayectoriadeportiva.com\/index.php\/2025\/09\/25\/jon-rahm-los-nervios-de-la-primera-vez-y-un-pijama-nuevo\/"},"modified":"2025-09-25T14:38:34","modified_gmt":"2025-09-25T14:38:34","slug":"jon-rahm-los-nervios-de-la-primera-vez-y-un-pijama-nuevo","status":"publish","type":"post","link":"https:\/\/trayectoriadeportiva.com\/index.php\/2025\/09\/25\/jon-rahm-los-nervios-de-la-primera-vez-y-un-pijama-nuevo\/","title":{"rendered":"Jon Rahm, los nervios de la primera vez y un pijama nuevo"},"content":{"rendered":"<p>Como ya sucediera en la pasada edici\u00f3n, disputada en 2023 en el Marco Simone de Roma, Jon Rahm es el \u00fanico representante del golf espa\u00f1ol en el equipo europeo que defender\u00e1 la copa en Bethpage Black.<\/p>\n<p><a href=\"https:\/\/www.lavanguardia.com\/deportes\/golf\/20250925\/11096872\/jon-rahm-ryder-cup-bethpage-black-nueva-york.html\">Seguir leyendo&#8230;<\/a><\/p>","protected":false},"excerpt":{"rendered":"<p>Como ya sucediera en la pasada edici\u00f3n, disputada en 2023 en el Marco Simone de Roma, Jon Rahm es el \u00fanico representante del golf espa\u00f1ol en el equipo europeo que defender\u00e1 la copa en Bethpage Black. Seguir leyendo&#8230;<\/p>\n","protected":false},"author":1,"featured_media":34491,"comment_status":"","ping_status":"","sticky":false,"template":"","format":"standard","meta":{"_et_pb_use_builder":"","_et_pb_old_content":"","_et_gb_content_width":"","footnotes":""},"categories":[1],"tags":[],"class_list":["post-34490","post","type-post","status-publish","format-standard","has-post-thumbnail","hentry","category-blog","et-has-post-format-content","et_post_format-et-post-format-standard"],"_links":{"self":[{"href":"https:\/\/trayectoriadeportiva.com\/index.php\/wp-json\/wp\/v2\/posts\/34490","targetHints":{"allow":["GET"]}}],"collection":[{"href":"https:\/\/trayectoriadeportiva.com\/index.php\/wp-json\/wp\/v2\/posts"}],"about":[{"href":"https:\/\/trayectoriadeportiva.com\/index.php\/wp-json\/wp\/v2\/types\/post"}],"author":[{"embeddable":true,"href":"https:\/\/trayectoriadeportiva.com\/index.php\/wp-json\/wp\/v2\/users\/1"}],"replies":[{"embeddable":true,"href":"https:\/\/trayectoriadeportiva.com\/index.php\/wp-json\/wp\/v2\/comments?post=34490"}],"version-history":[{"count":0,"href":"https:\/\/trayectoriadeportiva.com\/index.php\/wp-json\/wp\/v2\/posts\/34490\/revisions"}],"wp:featuredmedia":[{"embeddable":true,"href":"https:\/\/trayectoriadeportiva.com\/index.php\/wp-json\/wp\/v2\/media\/34491"}],"wp:attachment":[{"href":"https:\/\/trayectoriadeportiva.com\/index.php\/wp-json\/wp\/v2\/media?parent=34490"}],"wp:term":[{"taxonomy":"category","embeddable":true,"href":"https:\/\/trayectoriadeportiva.com\/index.php\/wp-json\/wp\/v2\/categories?post=34490"},{"taxonomy":"post_tag","embeddable":true,"href":"https:\/\/trayectoriadeportiva.com\/index.php\/wp-json\/wp\/v2\/tags?post=34490"}],"curies":[{"name":"wp","href":"https:\/\/api.w.org\/{rel}","templated":true}]}}