{"id":34686,"date":"2025-09-28T22:47:00","date_gmt":"2025-09-28T22:47:00","guid":{"rendered":"https:\/\/trayectoriadeportiva.com\/index.php\/2025\/09\/28\/trump-juega-al-soccer\/"},"modified":"2025-09-28T22:47:00","modified_gmt":"2025-09-28T22:47:00","slug":"trump-juega-al-soccer","status":"publish","type":"post","link":"https:\/\/trayectoriadeportiva.com\/index.php\/2025\/09\/28\/trump-juega-al-soccer\/","title":{"rendered":"Trump juega al \u2018soccer\u2019"},"content":{"rendered":"<p>Para los que tienen cierta memoria y acumulan d\u00e9cadas de trayectoria, el recuerdo del Mundial de f\u00fatbol de 1978 fue mucho m\u00e1s que la consagraci\u00f3n de un extraordinario futbolista llamado Mario Alberto<i> El matador <\/i>Kempes\u00ad.<\/p>\n<p><a href=\"https:\/\/www.lavanguardia.com\/deportes\/20250929\/11105860\/trump-juega-soccer.html\">Seguir leyendo&#8230;<\/a><\/p>","protected":false},"excerpt":{"rendered":"<p>Para los que tienen cierta memoria y acumulan d\u00e9cadas de trayectoria, el recuerdo del Mundial de f\u00fatbol de 1978 fue mucho m\u00e1s que la consagraci\u00f3n de un extraordinario futbolista llamado Mario Alberto El matador Kempes\u00ad. Seguir leyendo&#8230;<\/p>\n","protected":false},"author":1,"featured_media":34687,"comment_status":"","ping_status":"","sticky":false,"template":"","format":"standard","meta":{"_et_pb_use_builder":"","_et_pb_old_content":"","_et_gb_content_width":"","footnotes":""},"categories":[1],"tags":[],"class_list":["post-34686","post","type-post","status-publish","format-standard","has-post-thumbnail","hentry","category-blog","et-has-post-format-content","et_post_format-et-post-format-standard"],"_links":{"self":[{"href":"https:\/\/trayectoriadeportiva.com\/index.php\/wp-json\/wp\/v2\/posts\/34686","targetHints":{"allow":["GET"]}}],"collection":[{"href":"https:\/\/trayectoriadeportiva.com\/index.php\/wp-json\/wp\/v2\/posts"}],"about":[{"href":"https:\/\/trayectoriadeportiva.com\/index.php\/wp-json\/wp\/v2\/types\/post"}],"author":[{"embeddable":true,"href":"https:\/\/trayectoriadeportiva.com\/index.php\/wp-json\/wp\/v2\/users\/1"}],"replies":[{"embeddable":true,"href":"https:\/\/trayectoriadeportiva.com\/index.php\/wp-json\/wp\/v2\/comments?post=34686"}],"version-history":[{"count":0,"href":"https:\/\/trayectoriadeportiva.com\/index.php\/wp-json\/wp\/v2\/posts\/34686\/revisions"}],"wp:featuredmedia":[{"embeddable":true,"href":"https:\/\/trayectoriadeportiva.com\/index.php\/wp-json\/wp\/v2\/media\/34687"}],"wp:attachment":[{"href":"https:\/\/trayectoriadeportiva.com\/index.php\/wp-json\/wp\/v2\/media?parent=34686"}],"wp:term":[{"taxonomy":"category","embeddable":true,"href":"https:\/\/trayectoriadeportiva.com\/index.php\/wp-json\/wp\/v2\/categories?post=34686"},{"taxonomy":"post_tag","embeddable":true,"href":"https:\/\/trayectoriadeportiva.com\/index.php\/wp-json\/wp\/v2\/tags?post=34686"}],"curies":[{"name":"wp","href":"https:\/\/api.w.org\/{rel}","templated":true}]}}