{"id":3488,"date":"2023-12-01T05:00:00","date_gmt":"2023-12-01T05:00:00","guid":{"rendered":"https:\/\/trayectoriadeportiva.com\/index.php\/2023\/12\/01\/y-tu-con-quien-vas\/"},"modified":"2023-12-01T05:00:00","modified_gmt":"2023-12-01T05:00:00","slug":"y-tu-con-quien-vas","status":"publish","type":"post","link":"https:\/\/trayectoriadeportiva.com\/index.php\/2023\/12\/01\/y-tu-con-quien-vas\/","title":{"rendered":"Y t\u00fa, \u00bfcon qui\u00e9n vas?"},"content":{"rendered":"<p>Dentro de diez d\u00edas, en el duelo catal\u00e1n de Primera, Bar\u00e7a y Girona lucir\u00e1n el logotipo del hist\u00f3rico programa solidario de cada diciembre, La Marat\u00f3 de TV3. Esta semana se han presentado las camisetas especiales de los equipos <a href=\"https:\/\/www.lavanguardia.com\/deportes\/fc-barcelona\/20231130\/9417083\/laporta-entusiasma-joan-laporta.html\">en un acto con la presencia de los dos presidentes, Joan Laporta y Delf\u00ed Geli<\/a>. \u201cA ver si afloj\u00e1is un poquito porque vais muy fuertes\u201d, dec\u00eda simp\u00e1tico el m\u00e1ximo dirigente blaugrana al presidente del Girona. Pero detr\u00e1s de la broma y la aparente cordialidad del comentario se esconde una inquietud real que ha ido creciendo durante catorce jornadas de Liga.<\/p>\n<p><a href=\"https:\/\/www.lavanguardia.com\/deportes\/futbol\/20231201\/9420107\/vas.html\">Seguir leyendo&#8230;<\/a><\/p>","protected":false},"excerpt":{"rendered":"<p>Dentro de diez d\u00edas, en el duelo catal\u00e1n de Primera, Bar\u00e7a y Girona lucir\u00e1n el logotipo del hist\u00f3rico programa solidario de cada diciembre, La Marat\u00f3 de TV3. Esta semana se han presentado las camisetas especiales de los equipos en un acto con la presencia de los dos presidentes, Joan Laporta y Delf\u00ed Geli. \u201cA ver [&hellip;]<\/p>\n","protected":false},"author":0,"featured_media":3489,"comment_status":"","ping_status":"","sticky":false,"template":"","format":"standard","meta":{"_et_pb_use_builder":"","_et_pb_old_content":"","_et_gb_content_width":"","footnotes":""},"categories":[1],"tags":[],"class_list":["post-3488","post","type-post","status-publish","format-standard","has-post-thumbnail","hentry","category-blog","et-has-post-format-content","et_post_format-et-post-format-standard"],"_links":{"self":[{"href":"https:\/\/trayectoriadeportiva.com\/index.php\/wp-json\/wp\/v2\/posts\/3488","targetHints":{"allow":["GET"]}}],"collection":[{"href":"https:\/\/trayectoriadeportiva.com\/index.php\/wp-json\/wp\/v2\/posts"}],"about":[{"href":"https:\/\/trayectoriadeportiva.com\/index.php\/wp-json\/wp\/v2\/types\/post"}],"replies":[{"embeddable":true,"href":"https:\/\/trayectoriadeportiva.com\/index.php\/wp-json\/wp\/v2\/comments?post=3488"}],"version-history":[{"count":0,"href":"https:\/\/trayectoriadeportiva.com\/index.php\/wp-json\/wp\/v2\/posts\/3488\/revisions"}],"wp:featuredmedia":[{"embeddable":true,"href":"https:\/\/trayectoriadeportiva.com\/index.php\/wp-json\/wp\/v2\/media\/3489"}],"wp:attachment":[{"href":"https:\/\/trayectoriadeportiva.com\/index.php\/wp-json\/wp\/v2\/media?parent=3488"}],"wp:term":[{"taxonomy":"category","embeddable":true,"href":"https:\/\/trayectoriadeportiva.com\/index.php\/wp-json\/wp\/v2\/categories?post=3488"},{"taxonomy":"post_tag","embeddable":true,"href":"https:\/\/trayectoriadeportiva.com\/index.php\/wp-json\/wp\/v2\/tags?post=3488"}],"curies":[{"name":"wp","href":"https:\/\/api.w.org\/{rel}","templated":true}]}}