{"id":34904,"date":"2026-08-28T12:22:29","date_gmt":"2026-08-28T12:22:29","guid":{"rendered":"https:\/\/trayectoriadeportiva.com\/index.php\/2026\/08\/28\/manolo-gonzalez-aplaude-a-monchi-se-ha-hecho-un-gran-mercado\/"},"modified":"2026-08-28T12:22:29","modified_gmt":"2026-08-28T12:22:29","slug":"manolo-gonzalez-aplaude-a-monchi-se-ha-hecho-un-gran-mercado","status":"publish","type":"post","link":"https:\/\/trayectoriadeportiva.com\/index.php\/2026\/08\/28\/manolo-gonzalez-aplaude-a-monchi-se-ha-hecho-un-gran-mercado\/","title":{"rendered":"Manolo Gonz\u00e1lez aplaude a Monchi: \u201cSe ha hecho un gran mercado\u201d"},"content":{"rendered":"<p>El impulso que supuso el desembarco de Monchi al frente de la parcela deportiva del Espanyol se ha notado en la confecci\u00f3n de la nueva plantilla. La fama la precede a Monchi, que ha tenido menos tiempo del que le gustar\u00eda para reforzar (fue nombrado en mayo). Pero Manolo Gonz\u00e1lez aplaude el trabajo realizado. \u201cEl margen salarial no era muy amplio y se ha hecho un gran mercado\u201d, fue el balance del t\u00e9cnico perico antes de jugar contra la Real Sociedad este s\u00e1bado en Anoeta.<\/p>\n<p><a href=\"https:\/\/www.lavanguardia.com\/deportes\/rcde-espanyol\/20260828\/11621765\/manolo-gonzalez-aplaude-monchi-hecho-gran-mercado.html\">Seguir leyendo&#8230;<\/a><\/p>","protected":false},"excerpt":{"rendered":"<p>El impulso que supuso el desembarco de Monchi al frente de la parcela deportiva del Espanyol se ha notado en la confecci\u00f3n de la nueva plantilla. La fama la precede a Monchi, que ha tenido menos tiempo del que le gustar\u00eda para reforzar (fue nombrado en mayo). Pero Manolo Gonz\u00e1lez aplaude el trabajo realizado. \u201cEl [&hellip;]<\/p>\n","protected":false},"author":1,"featured_media":34905,"comment_status":"","ping_status":"","sticky":false,"template":"","format":"standard","meta":{"_et_pb_use_builder":"","_et_pb_old_content":"","_et_gb_content_width":"","footnotes":""},"categories":[1],"tags":[],"class_list":["post-34904","post","type-post","status-publish","format-standard","has-post-thumbnail","hentry","category-blog","et-has-post-format-content","et_post_format-et-post-format-standard"],"_links":{"self":[{"href":"https:\/\/trayectoriadeportiva.com\/index.php\/wp-json\/wp\/v2\/posts\/34904","targetHints":{"allow":["GET"]}}],"collection":[{"href":"https:\/\/trayectoriadeportiva.com\/index.php\/wp-json\/wp\/v2\/posts"}],"about":[{"href":"https:\/\/trayectoriadeportiva.com\/index.php\/wp-json\/wp\/v2\/types\/post"}],"author":[{"embeddable":true,"href":"https:\/\/trayectoriadeportiva.com\/index.php\/wp-json\/wp\/v2\/users\/1"}],"replies":[{"embeddable":true,"href":"https:\/\/trayectoriadeportiva.com\/index.php\/wp-json\/wp\/v2\/comments?post=34904"}],"version-history":[{"count":0,"href":"https:\/\/trayectoriadeportiva.com\/index.php\/wp-json\/wp\/v2\/posts\/34904\/revisions"}],"wp:featuredmedia":[{"embeddable":true,"href":"https:\/\/trayectoriadeportiva.com\/index.php\/wp-json\/wp\/v2\/media\/34905"}],"wp:attachment":[{"href":"https:\/\/trayectoriadeportiva.com\/index.php\/wp-json\/wp\/v2\/media?parent=34904"}],"wp:term":[{"taxonomy":"category","embeddable":true,"href":"https:\/\/trayectoriadeportiva.com\/index.php\/wp-json\/wp\/v2\/categories?post=34904"},{"taxonomy":"post_tag","embeddable":true,"href":"https:\/\/trayectoriadeportiva.com\/index.php\/wp-json\/wp\/v2\/tags?post=34904"}],"curies":[{"name":"wp","href":"https:\/\/api.w.org\/{rel}","templated":true}]}}