{"id":34952,"date":"2026-08-29T09:54:25","date_gmt":"2026-08-29T09:54:25","guid":{"rendered":"https:\/\/trayectoriadeportiva.com\/index.php\/2026\/08\/29\/marco-bezzecchi-derrota-a-marc-marquez-en-la-primera-batalla-de-la-pole\/"},"modified":"2026-08-29T09:54:25","modified_gmt":"2026-08-29T09:54:25","slug":"marco-bezzecchi-derrota-a-marc-marquez-en-la-primera-batalla-de-la-pole","status":"publish","type":"post","link":"https:\/\/trayectoriadeportiva.com\/index.php\/2026\/08\/29\/marco-bezzecchi-derrota-a-marc-marquez-en-la-primera-batalla-de-la-pole\/","title":{"rendered":"Marco Bezzecchi derrota a Marc M\u00e1rquez en la primera batalla de la &#8216;pole&#8217;"},"content":{"rendered":"<p>Marco Bezzecchi gana la primera batalla a Marc M\u00e1rquez en su jard\u00edn de Motorland. El italiano le arrebat\u00f3 la <i>pole <\/i>al catal\u00e1n por solo 89 mil\u00e9simas, por lo que el de Aprilia saldr\u00e1 con ligera ventaja delante de la Ducati en la Sprint (15.00 h) y la carrera dominical (14.00 h) del GP de Arag\u00f3n. Completa la primera l\u00ednea \u00c0lex M\u00e1rquez, que se qued\u00f3 a 3 d\u00e9cimas del <i>poleman\u00a0<\/i>italiano.<\/p>\n<p><a href=\"https:\/\/www.lavanguardia.com\/deportes\/20260829\/11622232\/motogp-gp-aragon-pole-bezzecchi-derrota-marc-marquez-batalla-pole-motorland-alcaniz.html\">Seguir leyendo&#8230;<\/a><\/p>","protected":false},"excerpt":{"rendered":"<p>Marco Bezzecchi gana la primera batalla a Marc M\u00e1rquez en su jard\u00edn de Motorland. El italiano le arrebat\u00f3 la pole al catal\u00e1n por solo 89 mil\u00e9simas, por lo que el de Aprilia saldr\u00e1 con ligera ventaja delante de la Ducati en la Sprint (15.00 h) y la carrera dominical (14.00 h) del GP de Arag\u00f3n. [&hellip;]<\/p>\n","protected":false},"author":1,"featured_media":34953,"comment_status":"","ping_status":"","sticky":false,"template":"","format":"standard","meta":{"_et_pb_use_builder":"","_et_pb_old_content":"","_et_gb_content_width":"","footnotes":""},"categories":[1],"tags":[],"class_list":["post-34952","post","type-post","status-publish","format-standard","has-post-thumbnail","hentry","category-blog","et-has-post-format-content","et_post_format-et-post-format-standard"],"_links":{"self":[{"href":"https:\/\/trayectoriadeportiva.com\/index.php\/wp-json\/wp\/v2\/posts\/34952","targetHints":{"allow":["GET"]}}],"collection":[{"href":"https:\/\/trayectoriadeportiva.com\/index.php\/wp-json\/wp\/v2\/posts"}],"about":[{"href":"https:\/\/trayectoriadeportiva.com\/index.php\/wp-json\/wp\/v2\/types\/post"}],"author":[{"embeddable":true,"href":"https:\/\/trayectoriadeportiva.com\/index.php\/wp-json\/wp\/v2\/users\/1"}],"replies":[{"embeddable":true,"href":"https:\/\/trayectoriadeportiva.com\/index.php\/wp-json\/wp\/v2\/comments?post=34952"}],"version-history":[{"count":0,"href":"https:\/\/trayectoriadeportiva.com\/index.php\/wp-json\/wp\/v2\/posts\/34952\/revisions"}],"wp:featuredmedia":[{"embeddable":true,"href":"https:\/\/trayectoriadeportiva.com\/index.php\/wp-json\/wp\/v2\/media\/34953"}],"wp:attachment":[{"href":"https:\/\/trayectoriadeportiva.com\/index.php\/wp-json\/wp\/v2\/media?parent=34952"}],"wp:term":[{"taxonomy":"category","embeddable":true,"href":"https:\/\/trayectoriadeportiva.com\/index.php\/wp-json\/wp\/v2\/categories?post=34952"},{"taxonomy":"post_tag","embeddable":true,"href":"https:\/\/trayectoriadeportiva.com\/index.php\/wp-json\/wp\/v2\/tags?post=34952"}],"curies":[{"name":"wp","href":"https:\/\/api.w.org\/{rel}","templated":true}]}}