{"id":35014,"date":"2026-08-30T04:00:00","date_gmt":"2026-08-30T04:00:00","guid":{"rendered":"https:\/\/trayectoriadeportiva.com\/index.php\/2026\/08\/30\/el-madring-es-el-negocio-sonado-para-los-vecinos-de-valdebebas-algunos-cancelan-la-hipoteca\/"},"modified":"2026-08-30T04:00:00","modified_gmt":"2026-08-30T04:00:00","slug":"el-madring-es-el-negocio-sonado-para-los-vecinos-de-valdebebas-algunos-cancelan-la-hipoteca","status":"publish","type":"post","link":"https:\/\/trayectoriadeportiva.com\/index.php\/2026\/08\/30\/el-madring-es-el-negocio-sonado-para-los-vecinos-de-valdebebas-algunos-cancelan-la-hipoteca\/","title":{"rendered":"El Madring es el negocio so\u00f1ado para los vecinos de Valdebebas: \u201cAlgunos cancelan la hipoteca\u201d"},"content":{"rendered":"<p>Es s\u00e1bado 29 de agosto y no hay ni un alma en Ifema. Se observan las gradas del Madring ya levantadas, los operarios con el chaleco amarillo efectuando los \u00faltimos retoques, algunos curiosos que hacen deporte y se detienen para tomar fotograf\u00edas. Mientras tanto, Javier corta jam\u00f3n en la Taberna Cazorla, ubicada enfrente de uno de los laterales del circuito, junto a la M-40. \u201cMucha gente no ha venido a trabajar estos d\u00edas por el ruido. El fin de semana del Gran Premio habr\u00e1 infinidad de espectadores (se calcula que se han vendido 120.000 entradas) pero todo se lo quedan los caterings. Estamos preparados con m\u00e1s personal, a la expectativa, pero vete t\u00fa a saber&#8230;\u201d, explica con prudencia. \u201cEl negocio a veces es para unos pocos\u201d, a\u00f1ade.<\/p>\n<p><a href=\"https:\/\/www.lavanguardia.com\/deportes\/automovilismo\/20260830\/11622428\/madring-negocio-sonado-vecinos-valdebebas-cancelan-hipoteca.html\">Seguir leyendo&#8230;<\/a><\/p>","protected":false},"excerpt":{"rendered":"<p>Es s\u00e1bado 29 de agosto y no hay ni un alma en Ifema. Se observan las gradas del Madring ya levantadas, los operarios con el chaleco amarillo efectuando los \u00faltimos retoques, algunos curiosos que hacen deporte y se detienen para tomar fotograf\u00edas. Mientras tanto, Javier corta jam\u00f3n en la Taberna Cazorla, ubicada enfrente de uno [&hellip;]<\/p>\n","protected":false},"author":1,"featured_media":35015,"comment_status":"","ping_status":"","sticky":false,"template":"","format":"standard","meta":{"_et_pb_use_builder":"","_et_pb_old_content":"","_et_gb_content_width":"","footnotes":""},"categories":[1],"tags":[],"class_list":["post-35014","post","type-post","status-publish","format-standard","has-post-thumbnail","hentry","category-blog","et-has-post-format-content","et_post_format-et-post-format-standard"],"_links":{"self":[{"href":"https:\/\/trayectoriadeportiva.com\/index.php\/wp-json\/wp\/v2\/posts\/35014","targetHints":{"allow":["GET"]}}],"collection":[{"href":"https:\/\/trayectoriadeportiva.com\/index.php\/wp-json\/wp\/v2\/posts"}],"about":[{"href":"https:\/\/trayectoriadeportiva.com\/index.php\/wp-json\/wp\/v2\/types\/post"}],"author":[{"embeddable":true,"href":"https:\/\/trayectoriadeportiva.com\/index.php\/wp-json\/wp\/v2\/users\/1"}],"replies":[{"embeddable":true,"href":"https:\/\/trayectoriadeportiva.com\/index.php\/wp-json\/wp\/v2\/comments?post=35014"}],"version-history":[{"count":0,"href":"https:\/\/trayectoriadeportiva.com\/index.php\/wp-json\/wp\/v2\/posts\/35014\/revisions"}],"wp:featuredmedia":[{"embeddable":true,"href":"https:\/\/trayectoriadeportiva.com\/index.php\/wp-json\/wp\/v2\/media\/35015"}],"wp:attachment":[{"href":"https:\/\/trayectoriadeportiva.com\/index.php\/wp-json\/wp\/v2\/media?parent=35014"}],"wp:term":[{"taxonomy":"category","embeddable":true,"href":"https:\/\/trayectoriadeportiva.com\/index.php\/wp-json\/wp\/v2\/categories?post=35014"},{"taxonomy":"post_tag","embeddable":true,"href":"https:\/\/trayectoriadeportiva.com\/index.php\/wp-json\/wp\/v2\/tags?post=35014"}],"curies":[{"name":"wp","href":"https:\/\/api.w.org\/{rel}","templated":true}]}}