{"id":35024,"date":"2026-08-30T09:18:12","date_gmt":"2026-08-30T09:18:12","guid":{"rendered":"https:\/\/trayectoriadeportiva.com\/index.php\/2026\/08\/30\/el-chelsea-de-xabi-alonso-ficha-al-portero-emiliano-dibu-martinez\/"},"modified":"2026-08-30T09:18:12","modified_gmt":"2026-08-30T09:18:12","slug":"el-chelsea-de-xabi-alonso-ficha-al-portero-emiliano-dibu-martinez","status":"publish","type":"post","link":"https:\/\/trayectoriadeportiva.com\/index.php\/2026\/08\/30\/el-chelsea-de-xabi-alonso-ficha-al-portero-emiliano-dibu-martinez\/","title":{"rendered":"El Chelsea de Xabi Alonso ficha al portero Emiliano &#8216;Dibu&#8217; Mart\u00ednez"},"content":{"rendered":"<p>El Chelsea ha fichado al portero argentino Emiliano &#8216;Dibu&#8217; Mart\u00ednez, procedente del Aston Villa, a cambio de 7,5 millones de libras (8,7 millones de euros). El contrato es de tres a\u00f1os, seg\u00fan anunci\u00f3 el club londinense.<\/p>\n<p><a href=\"https:\/\/www.lavanguardia.com\/deportes\/20260830\/11623067\/chelsea-xabi-alonso-ficha-portero-emiliano-dibu-martinez.html\">Seguir leyendo&#8230;<\/a><\/p>","protected":false},"excerpt":{"rendered":"<p>El Chelsea ha fichado al portero argentino Emiliano &#8216;Dibu&#8217; Mart\u00ednez, procedente del Aston Villa, a cambio de 7,5 millones de libras (8,7 millones de euros). El contrato es de tres a\u00f1os, seg\u00fan anunci\u00f3 el club londinense. Seguir leyendo&#8230;<\/p>\n","protected":false},"author":1,"featured_media":35025,"comment_status":"","ping_status":"","sticky":false,"template":"","format":"standard","meta":{"_et_pb_use_builder":"","_et_pb_old_content":"","_et_gb_content_width":"","footnotes":""},"categories":[1],"tags":[],"class_list":["post-35024","post","type-post","status-publish","format-standard","has-post-thumbnail","hentry","category-blog","et-has-post-format-content","et_post_format-et-post-format-standard"],"_links":{"self":[{"href":"https:\/\/trayectoriadeportiva.com\/index.php\/wp-json\/wp\/v2\/posts\/35024","targetHints":{"allow":["GET"]}}],"collection":[{"href":"https:\/\/trayectoriadeportiva.com\/index.php\/wp-json\/wp\/v2\/posts"}],"about":[{"href":"https:\/\/trayectoriadeportiva.com\/index.php\/wp-json\/wp\/v2\/types\/post"}],"author":[{"embeddable":true,"href":"https:\/\/trayectoriadeportiva.com\/index.php\/wp-json\/wp\/v2\/users\/1"}],"replies":[{"embeddable":true,"href":"https:\/\/trayectoriadeportiva.com\/index.php\/wp-json\/wp\/v2\/comments?post=35024"}],"version-history":[{"count":0,"href":"https:\/\/trayectoriadeportiva.com\/index.php\/wp-json\/wp\/v2\/posts\/35024\/revisions"}],"wp:featuredmedia":[{"embeddable":true,"href":"https:\/\/trayectoriadeportiva.com\/index.php\/wp-json\/wp\/v2\/media\/35025"}],"wp:attachment":[{"href":"https:\/\/trayectoriadeportiva.com\/index.php\/wp-json\/wp\/v2\/media?parent=35024"}],"wp:term":[{"taxonomy":"category","embeddable":true,"href":"https:\/\/trayectoriadeportiva.com\/index.php\/wp-json\/wp\/v2\/categories?post=35024"},{"taxonomy":"post_tag","embeddable":true,"href":"https:\/\/trayectoriadeportiva.com\/index.php\/wp-json\/wp\/v2\/tags?post=35024"}],"curies":[{"name":"wp","href":"https:\/\/api.w.org\/{rel}","templated":true}]}}