{"id":35026,"date":"2026-08-30T10:10:49","date_gmt":"2026-08-30T10:10:49","guid":{"rendered":"https:\/\/trayectoriadeportiva.com\/index.php\/2026\/08\/30\/maximo-quiles-el-protegido-de-marquez-deja-liquidado-el-mundial-con-su-septima-victoria\/"},"modified":"2026-08-30T10:10:49","modified_gmt":"2026-08-30T10:10:49","slug":"maximo-quiles-el-protegido-de-marquez-deja-liquidado-el-mundial-con-su-septima-victoria","status":"publish","type":"post","link":"https:\/\/trayectoriadeportiva.com\/index.php\/2026\/08\/30\/maximo-quiles-el-protegido-de-marquez-deja-liquidado-el-mundial-con-su-septima-victoria\/","title":{"rendered":"M\u00e1ximo Quiles, el protegido de M\u00e1rquez, deja liquidado el Mundial con su s\u00e9ptima victoria"},"content":{"rendered":"<p>Tres semanas despu\u00e9s de romperse la clav\u00edcula derecha en Silverstone, M\u00e1ximo Quiles (Murcia, 18 a\u00f1os) volvi\u00f3\u00a0 a la competici\u00f3n por la puerta grande: su victoria en el GP de Arag\u00f3n, la s\u00e9ptima de la temporada, lo catapultan hacia su primer t\u00edtulo mundial.\u00a0<\/p>\n<p><a href=\"https:\/\/www.lavanguardia.com\/deportes\/20260830\/11623094\/maximo-quiles-protegido-marquez-deja-liquidado-mundial-septima-victoria.html\">Seguir leyendo&#8230;<\/a><\/p>","protected":false},"excerpt":{"rendered":"<p>Tres semanas despu\u00e9s de romperse la clav\u00edcula derecha en Silverstone, M\u00e1ximo Quiles (Murcia, 18 a\u00f1os) volvi\u00f3\u00a0 a la competici\u00f3n por la puerta grande: su victoria en el GP de Arag\u00f3n, la s\u00e9ptima de la temporada, lo catapultan hacia su primer t\u00edtulo mundial.\u00a0 Seguir leyendo&#8230;<\/p>\n","protected":false},"author":1,"featured_media":35027,"comment_status":"","ping_status":"","sticky":false,"template":"","format":"standard","meta":{"_et_pb_use_builder":"","_et_pb_old_content":"","_et_gb_content_width":"","footnotes":""},"categories":[1],"tags":[],"class_list":["post-35026","post","type-post","status-publish","format-standard","has-post-thumbnail","hentry","category-blog","et-has-post-format-content","et_post_format-et-post-format-standard"],"_links":{"self":[{"href":"https:\/\/trayectoriadeportiva.com\/index.php\/wp-json\/wp\/v2\/posts\/35026","targetHints":{"allow":["GET"]}}],"collection":[{"href":"https:\/\/trayectoriadeportiva.com\/index.php\/wp-json\/wp\/v2\/posts"}],"about":[{"href":"https:\/\/trayectoriadeportiva.com\/index.php\/wp-json\/wp\/v2\/types\/post"}],"author":[{"embeddable":true,"href":"https:\/\/trayectoriadeportiva.com\/index.php\/wp-json\/wp\/v2\/users\/1"}],"replies":[{"embeddable":true,"href":"https:\/\/trayectoriadeportiva.com\/index.php\/wp-json\/wp\/v2\/comments?post=35026"}],"version-history":[{"count":0,"href":"https:\/\/trayectoriadeportiva.com\/index.php\/wp-json\/wp\/v2\/posts\/35026\/revisions"}],"wp:featuredmedia":[{"embeddable":true,"href":"https:\/\/trayectoriadeportiva.com\/index.php\/wp-json\/wp\/v2\/media\/35027"}],"wp:attachment":[{"href":"https:\/\/trayectoriadeportiva.com\/index.php\/wp-json\/wp\/v2\/media?parent=35026"}],"wp:term":[{"taxonomy":"category","embeddable":true,"href":"https:\/\/trayectoriadeportiva.com\/index.php\/wp-json\/wp\/v2\/categories?post=35026"},{"taxonomy":"post_tag","embeddable":true,"href":"https:\/\/trayectoriadeportiva.com\/index.php\/wp-json\/wp\/v2\/tags?post=35026"}],"curies":[{"name":"wp","href":"https:\/\/api.w.org\/{rel}","templated":true}]}}