{"id":35036,"date":"2026-08-30T11:56:19","date_gmt":"2026-08-30T11:56:19","guid":{"rendered":"https:\/\/trayectoriadeportiva.com\/index.php\/2026\/08\/30\/flick-confirma-que-el-mercado-sigue-abierto-aunque-no-tenemos-presion-estoy-contento\/"},"modified":"2026-08-30T11:56:19","modified_gmt":"2026-08-30T11:56:19","slug":"flick-confirma-que-el-mercado-sigue-abierto-aunque-no-tenemos-presion-estoy-contento","status":"publish","type":"post","link":"https:\/\/trayectoriadeportiva.com\/index.php\/2026\/08\/30\/flick-confirma-que-el-mercado-sigue-abierto-aunque-no-tenemos-presion-estoy-contento\/","title":{"rendered":"Flick confirma que el mercado sigue abierto aunque \u201cno tenemos presi\u00f3n, estoy contento\u201d"},"content":{"rendered":"<p>En una rueda de prensa sin preguntas sobre Juli\u00e1n \u00c1lvarez porque Hansi Flick ya ha dejado claro que no entra a valorar la situaci\u00f3n de jugadores de otros clubs, el alem\u00e1n transmite tranquilidad. A 24 horas de jugar el segundo partido de la temporada en el Spotify Camp Nou contra el Rayo Vallecano (21.30 horas) y a tres d\u00edas del cierre del mercado de fichajes, Flick est\u00e1 satisfecho con la plantilla que tiene a su disposici\u00f3n y no siente que el Bar\u00e7a est\u00e9 obligado a incorporar m\u00e1s jugadores. Pero el martes finaliza la ventana de verano y reconoci\u00f3 que, aunque \u201cDeco ha hecho un trabajo fant\u00e1stico\u201d, el director deportivo \u201csigue trabajando\u201d. \u201cPara m\u00ed, est\u00e1 bien. Como entrenador, lo m\u00e1s importante es trabajar con lo que tenemos\u201d, explic\u00f3, dejando claro que no percibe \u201cpresi\u00f3n\u201d por incorporar m\u00e1s jugadores antes del cierre del mercado.<\/p>\n<p><a href=\"https:\/\/www.lavanguardia.com\/deportes\/futbol\/20260830\/11623127\/flick-confirma-mercado-sigue-abierto-presion-contento.html\">Seguir leyendo&#8230;<\/a><\/p>","protected":false},"excerpt":{"rendered":"<p>En una rueda de prensa sin preguntas sobre Juli\u00e1n \u00c1lvarez porque Hansi Flick ya ha dejado claro que no entra a valorar la situaci\u00f3n de jugadores de otros clubs, el alem\u00e1n transmite tranquilidad. A 24 horas de jugar el segundo partido de la temporada en el Spotify Camp Nou contra el Rayo Vallecano (21.30 horas) [&hellip;]<\/p>\n","protected":false},"author":1,"featured_media":35037,"comment_status":"","ping_status":"","sticky":false,"template":"","format":"standard","meta":{"_et_pb_use_builder":"","_et_pb_old_content":"","_et_gb_content_width":"","footnotes":""},"categories":[1],"tags":[],"class_list":["post-35036","post","type-post","status-publish","format-standard","has-post-thumbnail","hentry","category-blog","et-has-post-format-content","et_post_format-et-post-format-standard"],"_links":{"self":[{"href":"https:\/\/trayectoriadeportiva.com\/index.php\/wp-json\/wp\/v2\/posts\/35036","targetHints":{"allow":["GET"]}}],"collection":[{"href":"https:\/\/trayectoriadeportiva.com\/index.php\/wp-json\/wp\/v2\/posts"}],"about":[{"href":"https:\/\/trayectoriadeportiva.com\/index.php\/wp-json\/wp\/v2\/types\/post"}],"author":[{"embeddable":true,"href":"https:\/\/trayectoriadeportiva.com\/index.php\/wp-json\/wp\/v2\/users\/1"}],"replies":[{"embeddable":true,"href":"https:\/\/trayectoriadeportiva.com\/index.php\/wp-json\/wp\/v2\/comments?post=35036"}],"version-history":[{"count":0,"href":"https:\/\/trayectoriadeportiva.com\/index.php\/wp-json\/wp\/v2\/posts\/35036\/revisions"}],"wp:featuredmedia":[{"embeddable":true,"href":"https:\/\/trayectoriadeportiva.com\/index.php\/wp-json\/wp\/v2\/media\/35037"}],"wp:attachment":[{"href":"https:\/\/trayectoriadeportiva.com\/index.php\/wp-json\/wp\/v2\/media?parent=35036"}],"wp:term":[{"taxonomy":"category","embeddable":true,"href":"https:\/\/trayectoriadeportiva.com\/index.php\/wp-json\/wp\/v2\/categories?post=35036"},{"taxonomy":"post_tag","embeddable":true,"href":"https:\/\/trayectoriadeportiva.com\/index.php\/wp-json\/wp\/v2\/tags?post=35036"}],"curies":[{"name":"wp","href":"https:\/\/api.w.org\/{rel}","templated":true}]}}