{"id":35040,"date":"2026-08-30T12:56:34","date_gmt":"2026-08-30T12:56:34","guid":{"rendered":"https:\/\/trayectoriadeportiva.com\/index.php\/2026\/08\/30\/gabriel-jesus-el-nueve-de-10-millones-que-negocia-el-barca\/"},"modified":"2026-08-30T12:56:34","modified_gmt":"2026-08-30T12:56:34","slug":"gabriel-jesus-el-nueve-de-10-millones-que-negocia-el-barca","status":"publish","type":"post","link":"https:\/\/trayectoriadeportiva.com\/index.php\/2026\/08\/30\/gabriel-jesus-el-nueve-de-10-millones-que-negocia-el-barca\/","title":{"rendered":"Gabriel Jesus, el nueve de 10 millones que negocia el Bar\u00e7a"},"content":{"rendered":"<p>El Barcelona ha activado la v\u00eda Gabriel Jesus. El club azulgrana negocia con el Arsenal la incorporaci\u00f3n inmediata del delantero brasile\u00f1o, de 29 a\u00f1os, en una operaci\u00f3n que rondar\u00eda los 10 millones de euros adem\u00e1s de variables en funci\u00f3n de partidos disputados y t\u00edtulos. El acuerdo que se plantea ser\u00e1 por dos temporadas m\u00e1s una opcional tal y como avanz\u00f3 <i>Mundo Deportivo<\/i> y ha confirmado <i>La Vanguardia.\u00a0<\/i><\/p>\n<p><a href=\"https:\/\/www.lavanguardia.com\/deportes\/futbol\/20260830\/11623141\/gabriel-jesus-nueve-10-millones-negocia-barca.html\">Seguir leyendo&#8230;<\/a><\/p>","protected":false},"excerpt":{"rendered":"<p>El Barcelona ha activado la v\u00eda Gabriel Jesus. El club azulgrana negocia con el Arsenal la incorporaci\u00f3n inmediata del delantero brasile\u00f1o, de 29 a\u00f1os, en una operaci\u00f3n que rondar\u00eda los 10 millones de euros adem\u00e1s de variables en funci\u00f3n de partidos disputados y t\u00edtulos. El acuerdo que se plantea ser\u00e1 por dos temporadas m\u00e1s una [&hellip;]<\/p>\n","protected":false},"author":1,"featured_media":35041,"comment_status":"","ping_status":"","sticky":false,"template":"","format":"standard","meta":{"_et_pb_use_builder":"","_et_pb_old_content":"","_et_gb_content_width":"","footnotes":""},"categories":[1],"tags":[],"class_list":["post-35040","post","type-post","status-publish","format-standard","has-post-thumbnail","hentry","category-blog","et-has-post-format-content","et_post_format-et-post-format-standard"],"_links":{"self":[{"href":"https:\/\/trayectoriadeportiva.com\/index.php\/wp-json\/wp\/v2\/posts\/35040","targetHints":{"allow":["GET"]}}],"collection":[{"href":"https:\/\/trayectoriadeportiva.com\/index.php\/wp-json\/wp\/v2\/posts"}],"about":[{"href":"https:\/\/trayectoriadeportiva.com\/index.php\/wp-json\/wp\/v2\/types\/post"}],"author":[{"embeddable":true,"href":"https:\/\/trayectoriadeportiva.com\/index.php\/wp-json\/wp\/v2\/users\/1"}],"replies":[{"embeddable":true,"href":"https:\/\/trayectoriadeportiva.com\/index.php\/wp-json\/wp\/v2\/comments?post=35040"}],"version-history":[{"count":0,"href":"https:\/\/trayectoriadeportiva.com\/index.php\/wp-json\/wp\/v2\/posts\/35040\/revisions"}],"wp:featuredmedia":[{"embeddable":true,"href":"https:\/\/trayectoriadeportiva.com\/index.php\/wp-json\/wp\/v2\/media\/35041"}],"wp:attachment":[{"href":"https:\/\/trayectoriadeportiva.com\/index.php\/wp-json\/wp\/v2\/media?parent=35040"}],"wp:term":[{"taxonomy":"category","embeddable":true,"href":"https:\/\/trayectoriadeportiva.com\/index.php\/wp-json\/wp\/v2\/categories?post=35040"},{"taxonomy":"post_tag","embeddable":true,"href":"https:\/\/trayectoriadeportiva.com\/index.php\/wp-json\/wp\/v2\/tags?post=35040"}],"curies":[{"name":"wp","href":"https:\/\/api.w.org\/{rel}","templated":true}]}}