{"id":35050,"date":"2026-08-30T16:32:27","date_gmt":"2026-08-30T16:32:27","guid":{"rendered":"https:\/\/trayectoriadeportiva.com\/index.php\/2026\/08\/30\/el-grito-de-mas-primer-triunfo-desde-el-2022-y-mas-lider\/"},"modified":"2026-08-30T16:32:27","modified_gmt":"2026-08-30T16:32:27","slug":"el-grito-de-mas-primer-triunfo-desde-el-2022-y-mas-lider","status":"publish","type":"post","link":"https:\/\/trayectoriadeportiva.com\/index.php\/2026\/08\/30\/el-grito-de-mas-primer-triunfo-desde-el-2022-y-mas-lider\/","title":{"rendered":"El grito de Mas: primer triunfo desde el 2022 y m\u00e1s l\u00edder"},"content":{"rendered":"<p>La vida trata de aprovechar las oportunidades que se presentan, de coger lo que se te pone al alcance, de vivir el presente y disfrutar de tu suerte. Hu\u00e9rfana del imbatible Pogacar, la Vuelta necesitaba otro patr\u00f3n y lo encontr\u00f3 en Aitana quiz\u00e1s donde menos se esperaba, en un ciclista que parece otro. Enric Mas convirti\u00f3 la consternaci\u00f3n en la que hab\u00eda quedado la ronda espa\u00f1ola en una bocanada de aire fresco y en un subid\u00f3n de ilusi\u00f3n para una afici\u00f3n que no celebra un triunfo espa\u00f1ol en una general de una gran vuelta desde hace m\u00e1s de una d\u00e9cada, desde el Giro de Italia de Alberto Contador en el 2015.<\/p>\n<p><a href=\"https:\/\/www.lavanguardia.com\/deportes\/20260830\/11623218\/grito-primer-triunfo-2022-mas-lider.html\">Seguir leyendo&#8230;<\/a><\/p>","protected":false},"excerpt":{"rendered":"<p>La vida trata de aprovechar las oportunidades que se presentan, de coger lo que se te pone al alcance, de vivir el presente y disfrutar de tu suerte. Hu\u00e9rfana del imbatible Pogacar, la Vuelta necesitaba otro patr\u00f3n y lo encontr\u00f3 en Aitana quiz\u00e1s donde menos se esperaba, en un ciclista que parece otro. Enric Mas [&hellip;]<\/p>\n","protected":false},"author":1,"featured_media":35051,"comment_status":"","ping_status":"","sticky":false,"template":"","format":"standard","meta":{"_et_pb_use_builder":"","_et_pb_old_content":"","_et_gb_content_width":"","footnotes":""},"categories":[1],"tags":[],"class_list":["post-35050","post","type-post","status-publish","format-standard","has-post-thumbnail","hentry","category-blog","et-has-post-format-content","et_post_format-et-post-format-standard"],"_links":{"self":[{"href":"https:\/\/trayectoriadeportiva.com\/index.php\/wp-json\/wp\/v2\/posts\/35050","targetHints":{"allow":["GET"]}}],"collection":[{"href":"https:\/\/trayectoriadeportiva.com\/index.php\/wp-json\/wp\/v2\/posts"}],"about":[{"href":"https:\/\/trayectoriadeportiva.com\/index.php\/wp-json\/wp\/v2\/types\/post"}],"author":[{"embeddable":true,"href":"https:\/\/trayectoriadeportiva.com\/index.php\/wp-json\/wp\/v2\/users\/1"}],"replies":[{"embeddable":true,"href":"https:\/\/trayectoriadeportiva.com\/index.php\/wp-json\/wp\/v2\/comments?post=35050"}],"version-history":[{"count":0,"href":"https:\/\/trayectoriadeportiva.com\/index.php\/wp-json\/wp\/v2\/posts\/35050\/revisions"}],"wp:featuredmedia":[{"embeddable":true,"href":"https:\/\/trayectoriadeportiva.com\/index.php\/wp-json\/wp\/v2\/media\/35051"}],"wp:attachment":[{"href":"https:\/\/trayectoriadeportiva.com\/index.php\/wp-json\/wp\/v2\/media?parent=35050"}],"wp:term":[{"taxonomy":"category","embeddable":true,"href":"https:\/\/trayectoriadeportiva.com\/index.php\/wp-json\/wp\/v2\/categories?post=35050"},{"taxonomy":"post_tag","embeddable":true,"href":"https:\/\/trayectoriadeportiva.com\/index.php\/wp-json\/wp\/v2\/tags?post=35050"}],"curies":[{"name":"wp","href":"https:\/\/api.w.org\/{rel}","templated":true}]}}