{"id":35068,"date":"2026-08-30T18:06:35","date_gmt":"2026-08-30T18:06:35","guid":{"rendered":"https:\/\/trayectoriadeportiva.com\/index.php\/2026\/08\/30\/mourinho-elogia-en-publico-a-un-chico-no-muy-amado-que-hizo-un-partidazo\/"},"modified":"2026-08-30T18:06:35","modified_gmt":"2026-08-30T18:06:35","slug":"mourinho-elogia-en-publico-a-un-chico-no-muy-amado-que-hizo-un-partidazo","status":"publish","type":"post","link":"https:\/\/trayectoriadeportiva.com\/index.php\/2026\/08\/30\/mourinho-elogia-en-publico-a-un-chico-no-muy-amado-que-hizo-un-partidazo\/","title":{"rendered":"Mourinho elogia en p\u00fablico a un \u201cchico no muy amado que hizo un partidazo\u201d"},"content":{"rendered":"<p>Jose Mourinho no se sale ni un \u00e1pice de su discurso, de aquellos mandamientos con los que lleg\u00f3 al Real Madrid y ha ido repitiendo en sus conferencias de prensa. No le distrae nada, ni tampoco entra al trapo.\u00a0\u201dNo merece comentario\u201d, se limit\u00f3 a contestar sobre las declaraciones del t\u00e9cnico del M\u00e1laga, Juan Fuenes, quien dio a entender el doble rasero arbitral con los dos equipos en este encuentro.<\/p>\n<p><a href=\"https:\/\/www.lavanguardia.com\/deportes\/real-madrid\/20260830\/11623259\/mourinho-elogia-publico-chico-amado-hizo-partidazo.html\">Seguir leyendo&#8230;<\/a><\/p>","protected":false},"excerpt":{"rendered":"<p>Jose Mourinho no se sale ni un \u00e1pice de su discurso, de aquellos mandamientos con los que lleg\u00f3 al Real Madrid y ha ido repitiendo en sus conferencias de prensa. No le distrae nada, ni tampoco entra al trapo.\u00a0\u201dNo merece comentario\u201d, se limit\u00f3 a contestar sobre las declaraciones del t\u00e9cnico del M\u00e1laga, Juan Fuenes, quien [&hellip;]<\/p>\n","protected":false},"author":1,"featured_media":35069,"comment_status":"","ping_status":"","sticky":false,"template":"","format":"standard","meta":{"_et_pb_use_builder":"","_et_pb_old_content":"","_et_gb_content_width":"","footnotes":""},"categories":[1],"tags":[],"class_list":["post-35068","post","type-post","status-publish","format-standard","has-post-thumbnail","hentry","category-blog","et-has-post-format-content","et_post_format-et-post-format-standard"],"_links":{"self":[{"href":"https:\/\/trayectoriadeportiva.com\/index.php\/wp-json\/wp\/v2\/posts\/35068","targetHints":{"allow":["GET"]}}],"collection":[{"href":"https:\/\/trayectoriadeportiva.com\/index.php\/wp-json\/wp\/v2\/posts"}],"about":[{"href":"https:\/\/trayectoriadeportiva.com\/index.php\/wp-json\/wp\/v2\/types\/post"}],"author":[{"embeddable":true,"href":"https:\/\/trayectoriadeportiva.com\/index.php\/wp-json\/wp\/v2\/users\/1"}],"replies":[{"embeddable":true,"href":"https:\/\/trayectoriadeportiva.com\/index.php\/wp-json\/wp\/v2\/comments?post=35068"}],"version-history":[{"count":0,"href":"https:\/\/trayectoriadeportiva.com\/index.php\/wp-json\/wp\/v2\/posts\/35068\/revisions"}],"wp:featuredmedia":[{"embeddable":true,"href":"https:\/\/trayectoriadeportiva.com\/index.php\/wp-json\/wp\/v2\/media\/35069"}],"wp:attachment":[{"href":"https:\/\/trayectoriadeportiva.com\/index.php\/wp-json\/wp\/v2\/media?parent=35068"}],"wp:term":[{"taxonomy":"category","embeddable":true,"href":"https:\/\/trayectoriadeportiva.com\/index.php\/wp-json\/wp\/v2\/categories?post=35068"},{"taxonomy":"post_tag","embeddable":true,"href":"https:\/\/trayectoriadeportiva.com\/index.php\/wp-json\/wp\/v2\/tags?post=35068"}],"curies":[{"name":"wp","href":"https:\/\/api.w.org\/{rel}","templated":true}]}}