{"id":35074,"date":"2026-08-30T20:28:07","date_gmt":"2026-08-30T20:28:07","guid":{"rendered":"https:\/\/trayectoriadeportiva.com\/index.php\/2026\/08\/30\/una-quinta-corona-en-diferido-para-alex-palou\/"},"modified":"2026-08-30T20:28:07","modified_gmt":"2026-08-30T20:28:07","slug":"una-quinta-corona-en-diferido-para-alex-palou","status":"publish","type":"post","link":"https:\/\/trayectoriadeportiva.com\/index.php\/2026\/08\/30\/una-quinta-corona-en-diferido-para-alex-palou\/","title":{"rendered":"Una quinta corona en diferido para \u00c0lex Palou"},"content":{"rendered":"<p>La Indycar, principal campeonato de monoplazas de Estados Unidos, es caprichosa. Sujeta a una normativa sui generis en el reparto de puntos con m\u00faltiples variantes (hasta un m\u00e1ximo de 54 por carrera), y a merced de la meteorolog\u00eda o la retransmisi\u00f3n televisiva de la Fox, que manda por encima de todas las cosas, un campeonato puede llegar a decidirse en tres d\u00edas. As\u00ed le ha sucedido al catal\u00e1n \u00c0lex Palou (Sant Antoni de Vilamajor, 1997) para poder enfundarse su quinta corona \u2013tercera consecutiva\u2013 en los \u00faltimos seis a\u00f1os en la Indycar (2021, 2023, 2024, 2025, 2026).<\/p>\n<p><a href=\"https:\/\/www.lavanguardia.com\/deportes\/20260830\/11623285\/indycar-alex-palou-corona-diferido-campeon-virtual-milwaukee-oval.html\">Seguir leyendo&#8230;<\/a><\/p>","protected":false},"excerpt":{"rendered":"<p>La Indycar, principal campeonato de monoplazas de Estados Unidos, es caprichosa. Sujeta a una normativa sui generis en el reparto de puntos con m\u00faltiples variantes (hasta un m\u00e1ximo de 54 por carrera), y a merced de la meteorolog\u00eda o la retransmisi\u00f3n televisiva de la Fox, que manda por encima de todas las cosas, un campeonato [&hellip;]<\/p>\n","protected":false},"author":1,"featured_media":35075,"comment_status":"","ping_status":"","sticky":false,"template":"","format":"standard","meta":{"_et_pb_use_builder":"","_et_pb_old_content":"","_et_gb_content_width":"","footnotes":""},"categories":[1],"tags":[],"class_list":["post-35074","post","type-post","status-publish","format-standard","has-post-thumbnail","hentry","category-blog","et-has-post-format-content","et_post_format-et-post-format-standard"],"_links":{"self":[{"href":"https:\/\/trayectoriadeportiva.com\/index.php\/wp-json\/wp\/v2\/posts\/35074","targetHints":{"allow":["GET"]}}],"collection":[{"href":"https:\/\/trayectoriadeportiva.com\/index.php\/wp-json\/wp\/v2\/posts"}],"about":[{"href":"https:\/\/trayectoriadeportiva.com\/index.php\/wp-json\/wp\/v2\/types\/post"}],"author":[{"embeddable":true,"href":"https:\/\/trayectoriadeportiva.com\/index.php\/wp-json\/wp\/v2\/users\/1"}],"replies":[{"embeddable":true,"href":"https:\/\/trayectoriadeportiva.com\/index.php\/wp-json\/wp\/v2\/comments?post=35074"}],"version-history":[{"count":0,"href":"https:\/\/trayectoriadeportiva.com\/index.php\/wp-json\/wp\/v2\/posts\/35074\/revisions"}],"wp:featuredmedia":[{"embeddable":true,"href":"https:\/\/trayectoriadeportiva.com\/index.php\/wp-json\/wp\/v2\/media\/35075"}],"wp:attachment":[{"href":"https:\/\/trayectoriadeportiva.com\/index.php\/wp-json\/wp\/v2\/media?parent=35074"}],"wp:term":[{"taxonomy":"category","embeddable":true,"href":"https:\/\/trayectoriadeportiva.com\/index.php\/wp-json\/wp\/v2\/categories?post=35074"},{"taxonomy":"post_tag","embeddable":true,"href":"https:\/\/trayectoriadeportiva.com\/index.php\/wp-json\/wp\/v2\/tags?post=35074"}],"curies":[{"name":"wp","href":"https:\/\/api.w.org\/{rel}","templated":true}]}}