{"id":35082,"date":"2026-08-31T04:00:00","date_gmt":"2026-08-31T04:00:00","guid":{"rendered":"https:\/\/trayectoriadeportiva.com\/index.php\/2026\/08\/31\/exaltaciones-barcelonistas\/"},"modified":"2026-08-31T04:00:00","modified_gmt":"2026-08-31T04:00:00","slug":"exaltaciones-barcelonistas","status":"publish","type":"post","link":"https:\/\/trayectoriadeportiva.com\/index.php\/2026\/08\/31\/exaltaciones-barcelonistas\/","title":{"rendered":"Exaltaciones barcelonistas"},"content":{"rendered":"<p>La directiva del Bar\u00e7a no enga\u00f1a: abraza la causa del independentismo democr\u00e1tico y, al mismo tiempo, fomenta patrocinios de la Rep\u00fablica Democr\u00e1tica de Congo y tiene a Alejandro Echevarr\u00eda como omnipotente demiurgo. Cuando le preguntan por esta coherencia selectiva, el presidente Laporta reacciona con firmeza y dice que el Bar\u00e7a no es sectario. El jueves acord\u00f3 con \u00d2mnium y la ANC un reparto de esteladas en el Camp Nou y la suspensi\u00f3n preventiva del homenaje a los ocho jugadores del Bar\u00e7a que ganaron el Mundial. La causa era justa: el abuso de poder de los polic\u00edas que, tras requisarle la estelada, maltrataron a un aficionado (menor de edad) con una brutalidad que no es ins\u00f3lita. Que el agredido se resistiera y llevara una camiseta de Hansi Flick no justifica la acci\u00f3n. El barcelonismo asimila tantas singularidades, que, incluso la catalanidad que le define se puede fragmentar en una diversidad de matices que incluye la exaltaci\u00f3n de la estelada.<\/p>\n<p><a href=\"https:\/\/www.lavanguardia.com\/deportes\/fc-barcelona\/20260831\/11623267\/exaltaciones-barcelonistas.html\">Seguir leyendo&#8230;<\/a><\/p>","protected":false},"excerpt":{"rendered":"<p>La directiva del Bar\u00e7a no enga\u00f1a: abraza la causa del independentismo democr\u00e1tico y, al mismo tiempo, fomenta patrocinios de la Rep\u00fablica Democr\u00e1tica de Congo y tiene a Alejandro Echevarr\u00eda como omnipotente demiurgo. Cuando le preguntan por esta coherencia selectiva, el presidente Laporta reacciona con firmeza y dice que el Bar\u00e7a no es sectario. El jueves [&hellip;]<\/p>\n","protected":false},"author":1,"featured_media":35083,"comment_status":"","ping_status":"","sticky":false,"template":"","format":"standard","meta":{"_et_pb_use_builder":"","_et_pb_old_content":"","_et_gb_content_width":"","footnotes":""},"categories":[1],"tags":[],"class_list":["post-35082","post","type-post","status-publish","format-standard","has-post-thumbnail","hentry","category-blog","et-has-post-format-content","et_post_format-et-post-format-standard"],"_links":{"self":[{"href":"https:\/\/trayectoriadeportiva.com\/index.php\/wp-json\/wp\/v2\/posts\/35082","targetHints":{"allow":["GET"]}}],"collection":[{"href":"https:\/\/trayectoriadeportiva.com\/index.php\/wp-json\/wp\/v2\/posts"}],"about":[{"href":"https:\/\/trayectoriadeportiva.com\/index.php\/wp-json\/wp\/v2\/types\/post"}],"author":[{"embeddable":true,"href":"https:\/\/trayectoriadeportiva.com\/index.php\/wp-json\/wp\/v2\/users\/1"}],"replies":[{"embeddable":true,"href":"https:\/\/trayectoriadeportiva.com\/index.php\/wp-json\/wp\/v2\/comments?post=35082"}],"version-history":[{"count":0,"href":"https:\/\/trayectoriadeportiva.com\/index.php\/wp-json\/wp\/v2\/posts\/35082\/revisions"}],"wp:featuredmedia":[{"embeddable":true,"href":"https:\/\/trayectoriadeportiva.com\/index.php\/wp-json\/wp\/v2\/media\/35083"}],"wp:attachment":[{"href":"https:\/\/trayectoriadeportiva.com\/index.php\/wp-json\/wp\/v2\/media?parent=35082"}],"wp:term":[{"taxonomy":"category","embeddable":true,"href":"https:\/\/trayectoriadeportiva.com\/index.php\/wp-json\/wp\/v2\/categories?post=35082"},{"taxonomy":"post_tag","embeddable":true,"href":"https:\/\/trayectoriadeportiva.com\/index.php\/wp-json\/wp\/v2\/tags?post=35082"}],"curies":[{"name":"wp","href":"https:\/\/api.w.org\/{rel}","templated":true}]}}