{"id":35084,"date":"2026-08-31T04:00:00","date_gmt":"2026-08-31T04:00:00","guid":{"rendered":"https:\/\/trayectoriadeportiva.com\/index.php\/2026\/08\/31\/barca-rayo-vallecano-y-el-fichaje-in-extremis-de-gabriel-jesus-un-nueve-de-10-millones\/"},"modified":"2026-08-31T04:00:00","modified_gmt":"2026-08-31T04:00:00","slug":"barca-rayo-vallecano-y-el-fichaje-in-extremis-de-gabriel-jesus-un-nueve-de-10-millones","status":"publish","type":"post","link":"https:\/\/trayectoriadeportiva.com\/index.php\/2026\/08\/31\/barca-rayo-vallecano-y-el-fichaje-in-extremis-de-gabriel-jesus-un-nueve-de-10-millones\/","title":{"rendered":"Bar\u00e7a- Rayo Vallecano y el fichaje &#8216;in extremis&#8217; de Gabriel Jesus, un nueve de 10 millones"},"content":{"rendered":"<p>No es el nueve deseado. No es Juli\u00e1n \u00c1lvarez. Pero el Barcelona lo ten\u00eda en el radar y, en las \u00faltimas horas, decidi\u00f3 activar la v\u00eda Gabriel Jesus. Un delantero de 29 a\u00f1os que siempre tuvo al Bar\u00e7a en mente desde que pudo aterrizar en el Camp Nou en 2016. Lo har\u00e1 diez a\u00f1os m\u00e1s tarde, convertido en una oportunidad de mercado al terminar contrato con el Arsenal en 2027. Un nueve de emergencia que en ning\u00fan caso elimina de los planes de Flick y Deco el deseo de fichar a Juli\u00e1n \u00c1lvarez en el futuro. Pero, por ahora, esa operaci\u00f3n es imposible ante la orgullosa intransigencia del Atl\u00e9tico. Y, tras la marcha de Robert Lewandowski (autor de 19 goles la temporada pasada), la salida de Ferran Torres al PSG (21 dianas) y la no renovaci\u00f3n de la cesi\u00f3n de Marcus Rashford (14 goles), hab\u00eda que actuar.<\/p>\n<p><a href=\"https:\/\/www.lavanguardia.com\/deportes\/futbol\/20260831\/11623255\/nueve-10-millones-barca-rayo-vallecano-previa-partido-j3-liga.html\">Seguir leyendo&#8230;<\/a><\/p>","protected":false},"excerpt":{"rendered":"<p>No es el nueve deseado. No es Juli\u00e1n \u00c1lvarez. Pero el Barcelona lo ten\u00eda en el radar y, en las \u00faltimas horas, decidi\u00f3 activar la v\u00eda Gabriel Jesus. Un delantero de 29 a\u00f1os que siempre tuvo al Bar\u00e7a en mente desde que pudo aterrizar en el Camp Nou en 2016. Lo har\u00e1 diez a\u00f1os m\u00e1s [&hellip;]<\/p>\n","protected":false},"author":1,"featured_media":35085,"comment_status":"","ping_status":"","sticky":false,"template":"","format":"standard","meta":{"_et_pb_use_builder":"","_et_pb_old_content":"","_et_gb_content_width":"","footnotes":""},"categories":[1],"tags":[],"class_list":["post-35084","post","type-post","status-publish","format-standard","has-post-thumbnail","hentry","category-blog","et-has-post-format-content","et_post_format-et-post-format-standard"],"_links":{"self":[{"href":"https:\/\/trayectoriadeportiva.com\/index.php\/wp-json\/wp\/v2\/posts\/35084","targetHints":{"allow":["GET"]}}],"collection":[{"href":"https:\/\/trayectoriadeportiva.com\/index.php\/wp-json\/wp\/v2\/posts"}],"about":[{"href":"https:\/\/trayectoriadeportiva.com\/index.php\/wp-json\/wp\/v2\/types\/post"}],"author":[{"embeddable":true,"href":"https:\/\/trayectoriadeportiva.com\/index.php\/wp-json\/wp\/v2\/users\/1"}],"replies":[{"embeddable":true,"href":"https:\/\/trayectoriadeportiva.com\/index.php\/wp-json\/wp\/v2\/comments?post=35084"}],"version-history":[{"count":0,"href":"https:\/\/trayectoriadeportiva.com\/index.php\/wp-json\/wp\/v2\/posts\/35084\/revisions"}],"wp:featuredmedia":[{"embeddable":true,"href":"https:\/\/trayectoriadeportiva.com\/index.php\/wp-json\/wp\/v2\/media\/35085"}],"wp:attachment":[{"href":"https:\/\/trayectoriadeportiva.com\/index.php\/wp-json\/wp\/v2\/media?parent=35084"}],"wp:term":[{"taxonomy":"category","embeddable":true,"href":"https:\/\/trayectoriadeportiva.com\/index.php\/wp-json\/wp\/v2\/categories?post=35084"},{"taxonomy":"post_tag","embeddable":true,"href":"https:\/\/trayectoriadeportiva.com\/index.php\/wp-json\/wp\/v2\/tags?post=35084"}],"curies":[{"name":"wp","href":"https:\/\/api.w.org\/{rel}","templated":true}]}}