{"id":35092,"date":"2026-08-31T04:54:49","date_gmt":"2026-08-31T04:54:49","guid":{"rendered":"https:\/\/trayectoriadeportiva.com\/index.php\/2026\/08\/31\/el-carlitos-de-siempre-se-presenta-en-el-us-open-ante-safiullin\/"},"modified":"2026-08-31T04:54:49","modified_gmt":"2026-08-31T04:54:49","slug":"el-carlitos-de-siempre-se-presenta-en-el-us-open-ante-safiullin","status":"publish","type":"post","link":"https:\/\/trayectoriadeportiva.com\/index.php\/2026\/08\/31\/el-carlitos-de-siempre-se-presenta-en-el-us-open-ante-safiullin\/","title":{"rendered":"El \u201cCarlitos de siempre\u201d se presenta en el US Open ante Safiullin"},"content":{"rendered":"<p>Carlos Alcaraz debuta esta tarde (previsi\u00f3n inicial a las 18.40, hora espa\u00f1ola) en el US Open ante el ruso Roman Safiullin, n\u00famero 99 del mundo y ganador de tres partidos esta temporada.<\/p>\n<p><a href=\"https:\/\/www.lavanguardia.com\/deportes\/tenis\/20260831\/11623276\/carlitos-siempre-presenta-us-open-safiullin.html\">Seguir leyendo&#8230;<\/a><\/p>","protected":false},"excerpt":{"rendered":"<p>Carlos Alcaraz debuta esta tarde (previsi\u00f3n inicial a las 18.40, hora espa\u00f1ola) en el US Open ante el ruso Roman Safiullin, n\u00famero 99 del mundo y ganador de tres partidos esta temporada. Seguir leyendo&#8230;<\/p>\n","protected":false},"author":1,"featured_media":35093,"comment_status":"","ping_status":"","sticky":false,"template":"","format":"standard","meta":{"_et_pb_use_builder":"","_et_pb_old_content":"","_et_gb_content_width":"","footnotes":""},"categories":[1],"tags":[],"class_list":["post-35092","post","type-post","status-publish","format-standard","has-post-thumbnail","hentry","category-blog","et-has-post-format-content","et_post_format-et-post-format-standard"],"_links":{"self":[{"href":"https:\/\/trayectoriadeportiva.com\/index.php\/wp-json\/wp\/v2\/posts\/35092","targetHints":{"allow":["GET"]}}],"collection":[{"href":"https:\/\/trayectoriadeportiva.com\/index.php\/wp-json\/wp\/v2\/posts"}],"about":[{"href":"https:\/\/trayectoriadeportiva.com\/index.php\/wp-json\/wp\/v2\/types\/post"}],"author":[{"embeddable":true,"href":"https:\/\/trayectoriadeportiva.com\/index.php\/wp-json\/wp\/v2\/users\/1"}],"replies":[{"embeddable":true,"href":"https:\/\/trayectoriadeportiva.com\/index.php\/wp-json\/wp\/v2\/comments?post=35092"}],"version-history":[{"count":0,"href":"https:\/\/trayectoriadeportiva.com\/index.php\/wp-json\/wp\/v2\/posts\/35092\/revisions"}],"wp:featuredmedia":[{"embeddable":true,"href":"https:\/\/trayectoriadeportiva.com\/index.php\/wp-json\/wp\/v2\/media\/35093"}],"wp:attachment":[{"href":"https:\/\/trayectoriadeportiva.com\/index.php\/wp-json\/wp\/v2\/media?parent=35092"}],"wp:term":[{"taxonomy":"category","embeddable":true,"href":"https:\/\/trayectoriadeportiva.com\/index.php\/wp-json\/wp\/v2\/categories?post=35092"},{"taxonomy":"post_tag","embeddable":true,"href":"https:\/\/trayectoriadeportiva.com\/index.php\/wp-json\/wp\/v2\/tags?post=35092"}],"curies":[{"name":"wp","href":"https:\/\/api.w.org\/{rel}","templated":true}]}}