{"id":35094,"date":"2026-08-31T06:01:00","date_gmt":"2026-08-31T06:01:00","guid":{"rendered":"https:\/\/trayectoriadeportiva.com\/index.php\/2026\/08\/31\/djokovic-cae-por-primera-vez-en-el-estreno-del-us-open-entre-vomitos-y-calambres\/"},"modified":"2026-08-31T06:01:00","modified_gmt":"2026-08-31T06:01:00","slug":"djokovic-cae-por-primera-vez-en-el-estreno-del-us-open-entre-vomitos-y-calambres","status":"publish","type":"post","link":"https:\/\/trayectoriadeportiva.com\/index.php\/2026\/08\/31\/djokovic-cae-por-primera-vez-en-el-estreno-del-us-open-entre-vomitos-y-calambres\/","title":{"rendered":"Djokovic cae por primera vez en el estreno del US Open entre v\u00f3mitos y calambres"},"content":{"rendered":"<p>Novak Djokovic sufri\u00f3 su eliminaci\u00f3n m\u00e1s precoz en el Abierto de Estados Unidos tras una sorprendente derrota por 7-6(5), 5-7, 4-6, 6-2 y 6-1 ante el argentino Mariano Navone, que no figuraba entre los cabezas de serie, en un agotador enfrentamiento de primera ronda.<\/p>\n<p><a href=\"https:\/\/www.lavanguardia.com\/deportes\/tenis\/20260831\/11623452\/djokovic-cae-primera-vez-estreno-us-open-vomitos-calambres.html\">Seguir leyendo&#8230;<\/a><\/p>","protected":false},"excerpt":{"rendered":"<p>Novak Djokovic sufri\u00f3 su eliminaci\u00f3n m\u00e1s precoz en el Abierto de Estados Unidos tras una sorprendente derrota por 7-6(5), 5-7, 4-6, 6-2 y 6-1 ante el argentino Mariano Navone, que no figuraba entre los cabezas de serie, en un agotador enfrentamiento de primera ronda. Seguir leyendo&#8230;<\/p>\n","protected":false},"author":1,"featured_media":35095,"comment_status":"","ping_status":"","sticky":false,"template":"","format":"standard","meta":{"_et_pb_use_builder":"","_et_pb_old_content":"","_et_gb_content_width":"","footnotes":""},"categories":[1],"tags":[],"class_list":["post-35094","post","type-post","status-publish","format-standard","has-post-thumbnail","hentry","category-blog","et-has-post-format-content","et_post_format-et-post-format-standard"],"_links":{"self":[{"href":"https:\/\/trayectoriadeportiva.com\/index.php\/wp-json\/wp\/v2\/posts\/35094","targetHints":{"allow":["GET"]}}],"collection":[{"href":"https:\/\/trayectoriadeportiva.com\/index.php\/wp-json\/wp\/v2\/posts"}],"about":[{"href":"https:\/\/trayectoriadeportiva.com\/index.php\/wp-json\/wp\/v2\/types\/post"}],"author":[{"embeddable":true,"href":"https:\/\/trayectoriadeportiva.com\/index.php\/wp-json\/wp\/v2\/users\/1"}],"replies":[{"embeddable":true,"href":"https:\/\/trayectoriadeportiva.com\/index.php\/wp-json\/wp\/v2\/comments?post=35094"}],"version-history":[{"count":0,"href":"https:\/\/trayectoriadeportiva.com\/index.php\/wp-json\/wp\/v2\/posts\/35094\/revisions"}],"wp:featuredmedia":[{"embeddable":true,"href":"https:\/\/trayectoriadeportiva.com\/index.php\/wp-json\/wp\/v2\/media\/35095"}],"wp:attachment":[{"href":"https:\/\/trayectoriadeportiva.com\/index.php\/wp-json\/wp\/v2\/media?parent=35094"}],"wp:term":[{"taxonomy":"category","embeddable":true,"href":"https:\/\/trayectoriadeportiva.com\/index.php\/wp-json\/wp\/v2\/categories?post=35094"},{"taxonomy":"post_tag","embeddable":true,"href":"https:\/\/trayectoriadeportiva.com\/index.php\/wp-json\/wp\/v2\/tags?post=35094"}],"curies":[{"name":"wp","href":"https:\/\/api.w.org\/{rel}","templated":true}]}}