{"id":35104,"date":"2026-08-31T15:24:53","date_gmt":"2026-08-31T15:24:53","guid":{"rendered":"https:\/\/trayectoriadeportiva.com\/index.php\/2026\/08\/31\/leo-messi-anuncia-que-se-retira-de-la-seleccion-argentina-en-una-emotivo-comunicado\/"},"modified":"2026-08-31T15:24:53","modified_gmt":"2026-08-31T15:24:53","slug":"leo-messi-anuncia-que-se-retira-de-la-seleccion-argentina-en-una-emotivo-comunicado","status":"publish","type":"post","link":"https:\/\/trayectoriadeportiva.com\/index.php\/2026\/08\/31\/leo-messi-anuncia-que-se-retira-de-la-seleccion-argentina-en-una-emotivo-comunicado\/","title":{"rendered":"Leo Messi anuncia que se retira de la selecci\u00f3n argentina en una emotivo comunicado"},"content":{"rendered":"<p>Leo Messi, capit\u00e1n y mito de la selecci\u00f3n argentina de f\u00fatbol, ha anunciado esta tarde a trav\u00e9s de su Instagram en un largo y emotivo comunicado que se retira de la albiceleste a los 39 a\u00f1os y despu\u00e9s de un palmar\u00e9s extraordinario tanto colectivo como individual. Messi, que debut\u00f3 como internacional el 17 de agosto de 2005 ante Hungr\u00eda en Budapest a los 18 a\u00f1os, deja atr\u00e1s un Mundial (Qatar 2022), dos Copas Am\u00e9rica, unos Juegos Ol\u00edmpicos y dos finales de la Copa del Mundo que acabaron en subcampeonatos (2014 y 2026). La selecci\u00f3n argentina deber\u00e1 reinventarse, de la mano de su t\u00e9cnico Lionel Scaloni, a partir de ahora. Messi ha sido el faro indiscutible sobre el que gravitaba todo, juego y liderazgo de los suramericanos.<\/p>\n<p><a href=\"https:\/\/www.lavanguardia.com\/deportes\/futbol\/20260831\/11623977\/leo-messi-anuncia-retira-seleccion-argentina-emotivo-comunicado.html\">Seguir leyendo&#8230;<\/a><\/p>","protected":false},"excerpt":{"rendered":"<p>Leo Messi, capit\u00e1n y mito de la selecci\u00f3n argentina de f\u00fatbol, ha anunciado esta tarde a trav\u00e9s de su Instagram en un largo y emotivo comunicado que se retira de la albiceleste a los 39 a\u00f1os y despu\u00e9s de un palmar\u00e9s extraordinario tanto colectivo como individual. Messi, que debut\u00f3 como internacional el 17 de agosto [&hellip;]<\/p>\n","protected":false},"author":1,"featured_media":35105,"comment_status":"","ping_status":"","sticky":false,"template":"","format":"standard","meta":{"_et_pb_use_builder":"","_et_pb_old_content":"","_et_gb_content_width":"","footnotes":""},"categories":[1],"tags":[],"class_list":["post-35104","post","type-post","status-publish","format-standard","has-post-thumbnail","hentry","category-blog","et-has-post-format-content","et_post_format-et-post-format-standard"],"_links":{"self":[{"href":"https:\/\/trayectoriadeportiva.com\/index.php\/wp-json\/wp\/v2\/posts\/35104","targetHints":{"allow":["GET"]}}],"collection":[{"href":"https:\/\/trayectoriadeportiva.com\/index.php\/wp-json\/wp\/v2\/posts"}],"about":[{"href":"https:\/\/trayectoriadeportiva.com\/index.php\/wp-json\/wp\/v2\/types\/post"}],"author":[{"embeddable":true,"href":"https:\/\/trayectoriadeportiva.com\/index.php\/wp-json\/wp\/v2\/users\/1"}],"replies":[{"embeddable":true,"href":"https:\/\/trayectoriadeportiva.com\/index.php\/wp-json\/wp\/v2\/comments?post=35104"}],"version-history":[{"count":0,"href":"https:\/\/trayectoriadeportiva.com\/index.php\/wp-json\/wp\/v2\/posts\/35104\/revisions"}],"wp:featuredmedia":[{"embeddable":true,"href":"https:\/\/trayectoriadeportiva.com\/index.php\/wp-json\/wp\/v2\/media\/35105"}],"wp:attachment":[{"href":"https:\/\/trayectoriadeportiva.com\/index.php\/wp-json\/wp\/v2\/media?parent=35104"}],"wp:term":[{"taxonomy":"category","embeddable":true,"href":"https:\/\/trayectoriadeportiva.com\/index.php\/wp-json\/wp\/v2\/categories?post=35104"},{"taxonomy":"post_tag","embeddable":true,"href":"https:\/\/trayectoriadeportiva.com\/index.php\/wp-json\/wp\/v2\/tags?post=35104"}],"curies":[{"name":"wp","href":"https:\/\/api.w.org\/{rel}","templated":true}]}}