{"id":35106,"date":"2026-08-31T15:21:48","date_gmt":"2026-08-31T15:21:48","guid":{"rendered":"https:\/\/trayectoriadeportiva.com\/index.php\/2026\/08\/31\/barcola-el-fichaje-mas-caro-del-verano-se-va-al-liverpool-en-una-operacion-de-145-millones\/"},"modified":"2026-08-31T15:21:48","modified_gmt":"2026-08-31T15:21:48","slug":"barcola-el-fichaje-mas-caro-del-verano-se-va-al-liverpool-en-una-operacion-de-145-millones","status":"publish","type":"post","link":"https:\/\/trayectoriadeportiva.com\/index.php\/2026\/08\/31\/barcola-el-fichaje-mas-caro-del-verano-se-va-al-liverpool-en-una-operacion-de-145-millones\/","title":{"rendered":"Barcola, el fichaje m\u00e1s caro del verano, se va al Liverpool en una operaci\u00f3n de 145 millones"},"content":{"rendered":"<p>El mercado de fichajes cierra este martes a la medianoche pero dif\u00edcilmente nadie le vaya a arrebatar en las pocas horas que faltan la etiqueta de fichaje m\u00e1s caro del verano a Bradley Barcola. El delantero franc\u00e9s es nuevo jugador del Liverpool en una operaci\u00f3n que puede llegar a 145 millones de euros para el PSG, su anterior club.<\/p>\n<p><a href=\"https:\/\/www.lavanguardia.com\/deportes\/futbol\/20260831\/11623985\/barcola-fichaje-mas-caro-verano-liverpool-operacion-145-millones.html\">Seguir leyendo&#8230;<\/a><\/p>","protected":false},"excerpt":{"rendered":"<p>El mercado de fichajes cierra este martes a la medianoche pero dif\u00edcilmente nadie le vaya a arrebatar en las pocas horas que faltan la etiqueta de fichaje m\u00e1s caro del verano a Bradley Barcola. El delantero franc\u00e9s es nuevo jugador del Liverpool en una operaci\u00f3n que puede llegar a 145 millones de euros para el [&hellip;]<\/p>\n","protected":false},"author":1,"featured_media":35107,"comment_status":"","ping_status":"","sticky":false,"template":"","format":"standard","meta":{"_et_pb_use_builder":"","_et_pb_old_content":"","_et_gb_content_width":"","footnotes":""},"categories":[1],"tags":[],"class_list":["post-35106","post","type-post","status-publish","format-standard","has-post-thumbnail","hentry","category-blog","et-has-post-format-content","et_post_format-et-post-format-standard"],"_links":{"self":[{"href":"https:\/\/trayectoriadeportiva.com\/index.php\/wp-json\/wp\/v2\/posts\/35106","targetHints":{"allow":["GET"]}}],"collection":[{"href":"https:\/\/trayectoriadeportiva.com\/index.php\/wp-json\/wp\/v2\/posts"}],"about":[{"href":"https:\/\/trayectoriadeportiva.com\/index.php\/wp-json\/wp\/v2\/types\/post"}],"author":[{"embeddable":true,"href":"https:\/\/trayectoriadeportiva.com\/index.php\/wp-json\/wp\/v2\/users\/1"}],"replies":[{"embeddable":true,"href":"https:\/\/trayectoriadeportiva.com\/index.php\/wp-json\/wp\/v2\/comments?post=35106"}],"version-history":[{"count":0,"href":"https:\/\/trayectoriadeportiva.com\/index.php\/wp-json\/wp\/v2\/posts\/35106\/revisions"}],"wp:featuredmedia":[{"embeddable":true,"href":"https:\/\/trayectoriadeportiva.com\/index.php\/wp-json\/wp\/v2\/media\/35107"}],"wp:attachment":[{"href":"https:\/\/trayectoriadeportiva.com\/index.php\/wp-json\/wp\/v2\/media?parent=35106"}],"wp:term":[{"taxonomy":"category","embeddable":true,"href":"https:\/\/trayectoriadeportiva.com\/index.php\/wp-json\/wp\/v2\/categories?post=35106"},{"taxonomy":"post_tag","embeddable":true,"href":"https:\/\/trayectoriadeportiva.com\/index.php\/wp-json\/wp\/v2\/tags?post=35106"}],"curies":[{"name":"wp","href":"https:\/\/api.w.org\/{rel}","templated":true}]}}