{"id":35110,"date":"2026-08-31T14:50:28","date_gmt":"2026-08-31T14:50:28","guid":{"rendered":"https:\/\/trayectoriadeportiva.com\/index.php\/2026\/08\/31\/denuncian-ante-la-fiscalia-de-odio-los-gritos-de-puta-catalunya-en-el-campo-del-atletico\/"},"modified":"2026-08-31T14:50:28","modified_gmt":"2026-08-31T14:50:28","slug":"denuncian-ante-la-fiscalia-de-odio-los-gritos-de-puta-catalunya-en-el-campo-del-atletico","status":"publish","type":"post","link":"https:\/\/trayectoriadeportiva.com\/index.php\/2026\/08\/31\/denuncian-ante-la-fiscalia-de-odio-los-gritos-de-puta-catalunya-en-el-campo-del-atletico\/","title":{"rendered":"Denuncian ante la Fiscal\u00eda de Odio los gritos de \u201cputa Catalunya\u201d en el campo del Atl\u00e9tico"},"content":{"rendered":"<p>La asociaci\u00f3n Acci\u00f3 Cassandra ha denunciado ante la secci\u00f3n de Delitos de Odio y Discriminaci\u00f3n de la Fiscal\u00eda Provincial de Madrid los c\u00e1nticos de \u201cputa Bar\u00e7a y puta Catalunya\u201d que enton\u00f3 parte de la afici\u00f3n del Atl\u00e9tico de Madrid en el partido disputado en su campo el 23 de agosto contra el Villarreal.<\/p>\n<p><a href=\"https:\/\/www.lavanguardia.com\/deportes\/20260831\/11623947\/denuncian-fiscalia-odio-gritos-puta-catalunya-campo-atletico.html\">Seguir leyendo&#8230;<\/a><\/p>","protected":false},"excerpt":{"rendered":"<p>La asociaci\u00f3n Acci\u00f3 Cassandra ha denunciado ante la secci\u00f3n de Delitos de Odio y Discriminaci\u00f3n de la Fiscal\u00eda Provincial de Madrid los c\u00e1nticos de \u201cputa Bar\u00e7a y puta Catalunya\u201d que enton\u00f3 parte de la afici\u00f3n del Atl\u00e9tico de Madrid en el partido disputado en su campo el 23 de agosto contra el Villarreal. Seguir leyendo&#8230;<\/p>\n","protected":false},"author":1,"featured_media":35111,"comment_status":"","ping_status":"","sticky":false,"template":"","format":"standard","meta":{"_et_pb_use_builder":"","_et_pb_old_content":"","_et_gb_content_width":"","footnotes":""},"categories":[1],"tags":[],"class_list":["post-35110","post","type-post","status-publish","format-standard","has-post-thumbnail","hentry","category-blog","et-has-post-format-content","et_post_format-et-post-format-standard"],"_links":{"self":[{"href":"https:\/\/trayectoriadeportiva.com\/index.php\/wp-json\/wp\/v2\/posts\/35110","targetHints":{"allow":["GET"]}}],"collection":[{"href":"https:\/\/trayectoriadeportiva.com\/index.php\/wp-json\/wp\/v2\/posts"}],"about":[{"href":"https:\/\/trayectoriadeportiva.com\/index.php\/wp-json\/wp\/v2\/types\/post"}],"author":[{"embeddable":true,"href":"https:\/\/trayectoriadeportiva.com\/index.php\/wp-json\/wp\/v2\/users\/1"}],"replies":[{"embeddable":true,"href":"https:\/\/trayectoriadeportiva.com\/index.php\/wp-json\/wp\/v2\/comments?post=35110"}],"version-history":[{"count":0,"href":"https:\/\/trayectoriadeportiva.com\/index.php\/wp-json\/wp\/v2\/posts\/35110\/revisions"}],"wp:featuredmedia":[{"embeddable":true,"href":"https:\/\/trayectoriadeportiva.com\/index.php\/wp-json\/wp\/v2\/media\/35111"}],"wp:attachment":[{"href":"https:\/\/trayectoriadeportiva.com\/index.php\/wp-json\/wp\/v2\/media?parent=35110"}],"wp:term":[{"taxonomy":"category","embeddable":true,"href":"https:\/\/trayectoriadeportiva.com\/index.php\/wp-json\/wp\/v2\/categories?post=35110"},{"taxonomy":"post_tag","embeddable":true,"href":"https:\/\/trayectoriadeportiva.com\/index.php\/wp-json\/wp\/v2\/tags?post=35110"}],"curies":[{"name":"wp","href":"https:\/\/api.w.org\/{rel}","templated":true}]}}