{"id":35124,"date":"2026-08-31T21:35:41","date_gmt":"2026-08-31T21:35:41","guid":{"rendered":"https:\/\/trayectoriadeportiva.com\/index.php\/2026\/08\/31\/la-sonrisa-de-lamine-yamal-empodera-al-barca-de-raphinha-en-la-goleada-al-rayo-vallecano\/"},"modified":"2026-08-31T21:35:41","modified_gmt":"2026-08-31T21:35:41","slug":"la-sonrisa-de-lamine-yamal-empodera-al-barca-de-raphinha-en-la-goleada-al-rayo-vallecano","status":"publish","type":"post","link":"https:\/\/trayectoriadeportiva.com\/index.php\/2026\/08\/31\/la-sonrisa-de-lamine-yamal-empodera-al-barca-de-raphinha-en-la-goleada-al-rayo-vallecano\/","title":{"rendered":"La sonrisa de Lamine Yamal empodera al Bar\u00e7a de Raphinha en la goleada al Rayo Vallecano"},"content":{"rendered":"<p>Dec\u00eda Hansi Flick en la previa que no se puede sonre\u00edr todos los d\u00edas. Pero el barcelonismo no hace otra cosa desde que empez\u00f3 la Liga. Tres triunfos en tres partidos. El de este lunes por 5-2 ante el Rayo Vallecano. Sonr\u00ede sin parar Raphinha, autor de un doblete. Sonr\u00ede Gordon, imprescindible. Y, a la tercera, sonri\u00f3 al fin Lamine Yamal. Inmerso en una ola de desahogo y rabia, el de Rocafonda se desliz\u00f3 por el c\u00e9sped del Camp Nou en busca del abrazo de la afici\u00f3n. Su gol, tras el primero de Raphinha, fue un punto de inflexi\u00f3n. Confirm\u00f3 la remontada azulgrana ante un Rayo que, sin saber a\u00fan c\u00f3mo, se hab\u00eda adelantado en el marcador. La magia solidaria de Gordon, nuevo \u00eddolo del feudo azulgrana, provoc\u00f3 el 3-1, en propia puerta de Lejeune. Camello acort\u00f3 distancias con el 3-2.  Raphinha, implacable, sirvi\u00f3 el cuarto de la noche y el implacable Lamine culmin\u00f3 la goleada sirviendo el liderazgo azulgrana en bandeja. A este Bar\u00e7a, el que suma de tres en tres, no hay quien le pare.<\/p>\n<p><a href=\"https:\/\/www.lavanguardia.com\/deportes\/fc-barcelona\/20260831\/11624127\/sonrisa-lamine-yamal-empodera-barca-raphinha-goleada-rayo-vallecano.html\">Seguir leyendo&#8230;<\/a><\/p>","protected":false},"excerpt":{"rendered":"<p>Dec\u00eda Hansi Flick en la previa que no se puede sonre\u00edr todos los d\u00edas. Pero el barcelonismo no hace otra cosa desde que empez\u00f3 la Liga. Tres triunfos en tres partidos. El de este lunes por 5-2 ante el Rayo Vallecano. Sonr\u00ede sin parar Raphinha, autor de un doblete. Sonr\u00ede Gordon, imprescindible. Y, a la [&hellip;]<\/p>\n","protected":false},"author":1,"featured_media":35125,"comment_status":"","ping_status":"","sticky":false,"template":"","format":"standard","meta":{"_et_pb_use_builder":"","_et_pb_old_content":"","_et_gb_content_width":"","footnotes":""},"categories":[1],"tags":[],"class_list":["post-35124","post","type-post","status-publish","format-standard","has-post-thumbnail","hentry","category-blog","et-has-post-format-content","et_post_format-et-post-format-standard"],"_links":{"self":[{"href":"https:\/\/trayectoriadeportiva.com\/index.php\/wp-json\/wp\/v2\/posts\/35124","targetHints":{"allow":["GET"]}}],"collection":[{"href":"https:\/\/trayectoriadeportiva.com\/index.php\/wp-json\/wp\/v2\/posts"}],"about":[{"href":"https:\/\/trayectoriadeportiva.com\/index.php\/wp-json\/wp\/v2\/types\/post"}],"author":[{"embeddable":true,"href":"https:\/\/trayectoriadeportiva.com\/index.php\/wp-json\/wp\/v2\/users\/1"}],"replies":[{"embeddable":true,"href":"https:\/\/trayectoriadeportiva.com\/index.php\/wp-json\/wp\/v2\/comments?post=35124"}],"version-history":[{"count":0,"href":"https:\/\/trayectoriadeportiva.com\/index.php\/wp-json\/wp\/v2\/posts\/35124\/revisions"}],"wp:featuredmedia":[{"embeddable":true,"href":"https:\/\/trayectoriadeportiva.com\/index.php\/wp-json\/wp\/v2\/media\/35125"}],"wp:attachment":[{"href":"https:\/\/trayectoriadeportiva.com\/index.php\/wp-json\/wp\/v2\/media?parent=35124"}],"wp:term":[{"taxonomy":"category","embeddable":true,"href":"https:\/\/trayectoriadeportiva.com\/index.php\/wp-json\/wp\/v2\/categories?post=35124"},{"taxonomy":"post_tag","embeddable":true,"href":"https:\/\/trayectoriadeportiva.com\/index.php\/wp-json\/wp\/v2\/tags?post=35124"}],"curies":[{"name":"wp","href":"https:\/\/api.w.org\/{rel}","templated":true}]}}