{"id":35132,"date":"2026-08-31T22:11:35","date_gmt":"2026-08-31T22:11:35","guid":{"rendered":"https:\/\/trayectoriadeportiva.com\/index.php\/2026\/08\/31\/flick-gabriel-jesus-es-un-delantero-top\/"},"modified":"2026-08-31T22:11:35","modified_gmt":"2026-08-31T22:11:35","slug":"flick-gabriel-jesus-es-un-delantero-top","status":"publish","type":"post","link":"https:\/\/trayectoriadeportiva.com\/index.php\/2026\/08\/31\/flick-gabriel-jesus-es-un-delantero-top\/","title":{"rendered":"Flick: \u201cGabriel Jesus es un delantero top\u201d"},"content":{"rendered":"<p>Hansi Flick elogi\u00f3 el partido de los suyos en la goleada al Rayo: \u201cJugamos muy bien\u201d, dijo y a\u00f1adi\u00f3: \u201cHemos tenido un buen inicio de Liga, que era lo que quer\u00edamos\u201d.\u00a0 \u201cMe ha gustado lo que he visto\u201d, valor\u00f3 sobre el duelo ante el cuadro madrile\u00f1o, aunque\u00a0igual que contra el Athletic, volvi\u00f3 a pedir un poco m\u00e1s de control en ciertas fases. \u201cEn la segunda el Rayo ha presionado m\u00e1s y nos ha costado m\u00e1s. Tenemos que mejorar. La mentalidad es buena, querer siempre atacar, pero tenemos que tener m\u00e1s calma a veces con el bal\u00f3n y recuperar el control\u201d, dijo el exigente t\u00e9cnico blaugrana, que ve en la llegada de Rodri una figura clave para ello: \u201cRodri est\u00e1 aqu\u00ed para eso, para ayudar a tener el control\u201d.<\/p>\n<p><a href=\"https:\/\/www.lavanguardia.com\/deportes\/fc-barcelona\/20260901\/11624138\/flick-gabriel-jesus-delantero-top.html\">Seguir leyendo&#8230;<\/a><\/p>","protected":false},"excerpt":{"rendered":"<p>Hansi Flick elogi\u00f3 el partido de los suyos en la goleada al Rayo: \u201cJugamos muy bien\u201d, dijo y a\u00f1adi\u00f3: \u201cHemos tenido un buen inicio de Liga, que era lo que quer\u00edamos\u201d.\u00a0 \u201cMe ha gustado lo que he visto\u201d, valor\u00f3 sobre el duelo ante el cuadro madrile\u00f1o, aunque\u00a0igual que contra el Athletic, volvi\u00f3 a pedir un [&hellip;]<\/p>\n","protected":false},"author":1,"featured_media":35133,"comment_status":"","ping_status":"","sticky":false,"template":"","format":"standard","meta":{"_et_pb_use_builder":"","_et_pb_old_content":"","_et_gb_content_width":"","footnotes":""},"categories":[1],"tags":[],"class_list":["post-35132","post","type-post","status-publish","format-standard","has-post-thumbnail","hentry","category-blog","et-has-post-format-content","et_post_format-et-post-format-standard"],"_links":{"self":[{"href":"https:\/\/trayectoriadeportiva.com\/index.php\/wp-json\/wp\/v2\/posts\/35132","targetHints":{"allow":["GET"]}}],"collection":[{"href":"https:\/\/trayectoriadeportiva.com\/index.php\/wp-json\/wp\/v2\/posts"}],"about":[{"href":"https:\/\/trayectoriadeportiva.com\/index.php\/wp-json\/wp\/v2\/types\/post"}],"author":[{"embeddable":true,"href":"https:\/\/trayectoriadeportiva.com\/index.php\/wp-json\/wp\/v2\/users\/1"}],"replies":[{"embeddable":true,"href":"https:\/\/trayectoriadeportiva.com\/index.php\/wp-json\/wp\/v2\/comments?post=35132"}],"version-history":[{"count":0,"href":"https:\/\/trayectoriadeportiva.com\/index.php\/wp-json\/wp\/v2\/posts\/35132\/revisions"}],"wp:featuredmedia":[{"embeddable":true,"href":"https:\/\/trayectoriadeportiva.com\/index.php\/wp-json\/wp\/v2\/media\/35133"}],"wp:attachment":[{"href":"https:\/\/trayectoriadeportiva.com\/index.php\/wp-json\/wp\/v2\/media?parent=35132"}],"wp:term":[{"taxonomy":"category","embeddable":true,"href":"https:\/\/trayectoriadeportiva.com\/index.php\/wp-json\/wp\/v2\/categories?post=35132"},{"taxonomy":"post_tag","embeddable":true,"href":"https:\/\/trayectoriadeportiva.com\/index.php\/wp-json\/wp\/v2\/tags?post=35132"}],"curies":[{"name":"wp","href":"https:\/\/api.w.org\/{rel}","templated":true}]}}