{"id":35134,"date":"2026-08-31T21:55:07","date_gmt":"2026-08-31T21:55:07","guid":{"rendered":"https:\/\/trayectoriadeportiva.com\/index.php\/2026\/08\/31\/lamine-esta-triste-decian-pues-menos-mal\/"},"modified":"2026-08-31T21:55:07","modified_gmt":"2026-08-31T21:55:07","slug":"lamine-esta-triste-decian-pues-menos-mal","status":"publish","type":"post","link":"https:\/\/trayectoriadeportiva.com\/index.php\/2026\/08\/31\/lamine-esta-triste-decian-pues-menos-mal\/","title":{"rendered":"Lamine est\u00e1 triste, dec\u00edan (pues menos mal)"},"content":{"rendered":"<p>Sue\u00f1o y felicidad, las dos palabras m\u00e1s manoseadas de los dichosos libros de autoayuda, llevan tiempo llamando a las puertas del periodismo deportivo, que obviamente las ha abierto de par en par con previsible deleite. \u2018El sue\u00f1o de Juli\u00e1n \u00c1lvarez\u2019 y \u2018la tristeza de Lamine Yamal\u2019, de eso se han alimentado una gran cantidad de seres vivos durante las \u00faltimas semanas.<\/p>\n<p><a href=\"https:\/\/www.lavanguardia.com\/deportes\/fc-barcelona\/20260831\/11624131\/lamine-esta-triste-decian-pues-mal.html\">Seguir leyendo&#8230;<\/a><\/p>","protected":false},"excerpt":{"rendered":"<p>Sue\u00f1o y felicidad, las dos palabras m\u00e1s manoseadas de los dichosos libros de autoayuda, llevan tiempo llamando a las puertas del periodismo deportivo, que obviamente las ha abierto de par en par con previsible deleite. \u2018El sue\u00f1o de Juli\u00e1n \u00c1lvarez\u2019 y \u2018la tristeza de Lamine Yamal\u2019, de eso se han alimentado una gran cantidad de [&hellip;]<\/p>\n","protected":false},"author":1,"featured_media":35135,"comment_status":"","ping_status":"","sticky":false,"template":"","format":"standard","meta":{"_et_pb_use_builder":"","_et_pb_old_content":"","_et_gb_content_width":"","footnotes":""},"categories":[1],"tags":[],"class_list":["post-35134","post","type-post","status-publish","format-standard","has-post-thumbnail","hentry","category-blog","et-has-post-format-content","et_post_format-et-post-format-standard"],"_links":{"self":[{"href":"https:\/\/trayectoriadeportiva.com\/index.php\/wp-json\/wp\/v2\/posts\/35134","targetHints":{"allow":["GET"]}}],"collection":[{"href":"https:\/\/trayectoriadeportiva.com\/index.php\/wp-json\/wp\/v2\/posts"}],"about":[{"href":"https:\/\/trayectoriadeportiva.com\/index.php\/wp-json\/wp\/v2\/types\/post"}],"author":[{"embeddable":true,"href":"https:\/\/trayectoriadeportiva.com\/index.php\/wp-json\/wp\/v2\/users\/1"}],"replies":[{"embeddable":true,"href":"https:\/\/trayectoriadeportiva.com\/index.php\/wp-json\/wp\/v2\/comments?post=35134"}],"version-history":[{"count":0,"href":"https:\/\/trayectoriadeportiva.com\/index.php\/wp-json\/wp\/v2\/posts\/35134\/revisions"}],"wp:featuredmedia":[{"embeddable":true,"href":"https:\/\/trayectoriadeportiva.com\/index.php\/wp-json\/wp\/v2\/media\/35135"}],"wp:attachment":[{"href":"https:\/\/trayectoriadeportiva.com\/index.php\/wp-json\/wp\/v2\/media?parent=35134"}],"wp:term":[{"taxonomy":"category","embeddable":true,"href":"https:\/\/trayectoriadeportiva.com\/index.php\/wp-json\/wp\/v2\/categories?post=35134"},{"taxonomy":"post_tag","embeddable":true,"href":"https:\/\/trayectoriadeportiva.com\/index.php\/wp-json\/wp\/v2\/tags?post=35134"}],"curies":[{"name":"wp","href":"https:\/\/api.w.org\/{rel}","templated":true}]}}