{"id":35136,"date":"2026-08-31T22:48:36","date_gmt":"2026-08-31T22:48:36","guid":{"rendered":"https:\/\/trayectoriadeportiva.com\/index.php\/2026\/08\/31\/un-delantero-de-altos-ritmos\/"},"modified":"2026-08-31T22:48:36","modified_gmt":"2026-08-31T22:48:36","slug":"un-delantero-de-altos-ritmos","status":"publish","type":"post","link":"https:\/\/trayectoriadeportiva.com\/index.php\/2026\/08\/31\/un-delantero-de-altos-ritmos\/","title":{"rendered":"Un delantero de altos ritmos"},"content":{"rendered":"<p>En otro movimiento inesperado, el Bar\u00e7a mueve ficha en la de\u00adlantera y ficha a Gabriel Jes\u00fas. El brasile\u00f1o, de 29 a\u00f1os, llega con<br \/>la gran inc\u00f3gnita sobre su estado f\u00edsico pero con unas virtudes que se ajustan perfectamente a la evoluci\u00f3n que Hansi Flick quiere dar al Bar\u00e7a 2026-2027.<\/p>\n<p><a href=\"https:\/\/www.lavanguardia.com\/deportes\/20260901\/11624267\/delantero-altos-ritmos.html\">Seguir leyendo&#8230;<\/a><\/p>","protected":false},"excerpt":{"rendered":"<p>En otro movimiento inesperado, el Bar\u00e7a mueve ficha en la de\u00adlantera y ficha a Gabriel Jes\u00fas. El brasile\u00f1o, de 29 a\u00f1os, llega conla gran inc\u00f3gnita sobre su estado f\u00edsico pero con unas virtudes que se ajustan perfectamente a la evoluci\u00f3n que Hansi Flick quiere dar al Bar\u00e7a 2026-2027. Seguir leyendo&#8230;<\/p>\n","protected":false},"author":1,"featured_media":35137,"comment_status":"","ping_status":"","sticky":false,"template":"","format":"standard","meta":{"_et_pb_use_builder":"","_et_pb_old_content":"","_et_gb_content_width":"","footnotes":""},"categories":[1],"tags":[],"class_list":["post-35136","post","type-post","status-publish","format-standard","has-post-thumbnail","hentry","category-blog","et-has-post-format-content","et_post_format-et-post-format-standard"],"_links":{"self":[{"href":"https:\/\/trayectoriadeportiva.com\/index.php\/wp-json\/wp\/v2\/posts\/35136","targetHints":{"allow":["GET"]}}],"collection":[{"href":"https:\/\/trayectoriadeportiva.com\/index.php\/wp-json\/wp\/v2\/posts"}],"about":[{"href":"https:\/\/trayectoriadeportiva.com\/index.php\/wp-json\/wp\/v2\/types\/post"}],"author":[{"embeddable":true,"href":"https:\/\/trayectoriadeportiva.com\/index.php\/wp-json\/wp\/v2\/users\/1"}],"replies":[{"embeddable":true,"href":"https:\/\/trayectoriadeportiva.com\/index.php\/wp-json\/wp\/v2\/comments?post=35136"}],"version-history":[{"count":0,"href":"https:\/\/trayectoriadeportiva.com\/index.php\/wp-json\/wp\/v2\/posts\/35136\/revisions"}],"wp:featuredmedia":[{"embeddable":true,"href":"https:\/\/trayectoriadeportiva.com\/index.php\/wp-json\/wp\/v2\/media\/35137"}],"wp:attachment":[{"href":"https:\/\/trayectoriadeportiva.com\/index.php\/wp-json\/wp\/v2\/media?parent=35136"}],"wp:term":[{"taxonomy":"category","embeddable":true,"href":"https:\/\/trayectoriadeportiva.com\/index.php\/wp-json\/wp\/v2\/categories?post=35136"},{"taxonomy":"post_tag","embeddable":true,"href":"https:\/\/trayectoriadeportiva.com\/index.php\/wp-json\/wp\/v2\/tags?post=35136"}],"curies":[{"name":"wp","href":"https:\/\/api.w.org\/{rel}","templated":true}]}}